{"id":4577,"date":"2025-04-28T17:19:26","date_gmt":"2025-04-28T15:19:26","guid":{"rendered":"https:\/\/sperrsitz.net\/?p=4577"},"modified":"2025-11-26T17:37:23","modified_gmt":"2025-11-26T16:37:23","slug":"der-gebrauch-des-menschen","status":"publish","type":"post","link":"https:\/\/sperrsitz.net\/?p=4577","title":{"rendered":"Der Gebrauch des Menschen"},"content":{"rendered":"<h3>Sicher habe ich mich abgefunden, ich bin ja am Leben<\/h3>\n<p class=\"audio_abstand\"><a id=\"mbmaplayer_1541025076249\" class=\"mb_map {skin:'black', animate:true, width:'50%', volume:0.4, autoplay:false, loop:false, showVolumeLevel:true, showTime:true, allowMute:true, showRew:true, addGradientOverlay:false, downloadable:false, downloadablesecurity:false, id3: false}\" href=\"https:\/\/sperrsitz.net\/wp-content\/uploads\/audio\/Der Gebrauch des Menschen_Ausschnitt.mp3\">Ausschnitt aus \u00bbDer Gebrauch des Menschen\u00ab<\/a><\/p>\n<p><a title=\"Der Gebrauch des Menschen (\u00a9 MDR\/E.Gaeding)\" href=\"https:\/\/sperrsitz.net\/wp-content\/uploads\/Gebrauch-Teil-Eins_Kachel_klein.jpg\"><img loading=\"lazy\" decoding=\"async\" class=\"wp-image-4585 size-medium alignleft\" src=\"https:\/\/sperrsitz.net\/wp-content\/uploads\/Gebrauch-Teil-Eins_Kachel_klein-300x300.jpg\" alt=\"Der Gebrauch des Menschen (\u00a9 MDR\/E.Gaeding)\" width=\"300\" height=\"300\" srcset=\"https:\/\/sperrsitz.net\/wp-content\/uploads\/Gebrauch-Teil-Eins_Kachel_klein-300x300.jpg 300w, https:\/\/sperrsitz.net\/wp-content\/uploads\/Gebrauch-Teil-Eins_Kachel_klein-150x150.jpg 150w, https:\/\/sperrsitz.net\/wp-content\/uploads\/Gebrauch-Teil-Eins_Kachel_klein-768x768.jpg 768w, https:\/\/sperrsitz.net\/wp-content\/uploads\/Gebrauch-Teil-Eins_Kachel_klein-144x144.jpg 144w, https:\/\/sperrsitz.net\/wp-content\/uploads\/Gebrauch-Teil-Eins_Kachel_klein.jpg 800w\" sizes=\"auto, (max-width: 300px) 100vw, 300px\" \/><\/a><\/p>\n<p><strong>Der Gebrauch des Menschen<\/strong> |&nbsp;<br \/>\nvon <a href=\"https:\/\/de.wikipedia.org\/wiki\/Aleksandar_Ti%C5%A1ma\" target=\"_blank\" rel=\"noopener\">Aleksandar Ti\u0161ma<\/a>.<br \/>\n<strong>Mit<\/strong> J\u00f6rdis Trauer, <a href=\"https:\/\/de.wikipedia.org\/wiki\/Oscar_Hoppe_(Schauspieler)\" target=\"_blank\" rel=\"noopener\">Oscar Hoppe<\/a>, <a href=\"https:\/\/de.wikipedia.org\/wiki\/Birte_Schn%C3%B6ink\" target=\"_blank\" rel=\"noopener\">Birte Schn\u00f6ink<\/a>, <a href=\"https:\/\/de.wikipedia.org\/wiki\/Werner_W%C3%B6lbern\" target=\"_blank\" rel=\"noopener\">Werner W\u00f6lbern<\/a>, <a href=\"https:\/\/de.wikipedia.org\/wiki\/Franz_Hartwig\" target=\"_blank\" rel=\"noopener\">Franz Hartwig<\/a>, <a href=\"https:\/\/de.wikipedia.org\/wiki\/Andr%C3%A9_Kaczmarczyk\" target=\"_blank\" rel=\"noopener\">Andr\u00e9 Kaczmarcyk<\/a>, <a href=\"https:\/\/de.wikipedia.org\/wiki\/Alexander_Khuon\" target=\"_blank\" rel=\"noopener\">Alexander Khuon<\/a>, <a href=\"https:\/\/de.wikipedia.org\/wiki\/Max_Hegewald\" target=\"_blank\" rel=\"noopener\">Max Hegewald<\/a> <strong>Komposition<\/strong> Tommy Neuwirth und Mario Weise&nbsp;&nbsp;<strong>Ton<\/strong> Andr\u00e9 L\u00fcer <strong>Schnitt<\/strong> Christian Grund <strong>Regie<\/strong> Stefan Kanis<br \/>\n<strong>Erstsendung<\/strong> MDR KULTUR, 28.04.2025<\/p>\n<h4>Inhalt | <a href=\"https:\/\/sperrsitz.net\/?p=4577#presse\">Auszeichnung<\/a><\/h4>\n<p class=\"sstyle\">Was hilft es zu \u00fcberleben, wenn man nicht vergessen kann? Alles scheint im Leben der Halbj\u00fcdin Vera Kroner auf diese Frage hinauszulaufen. Ende der 1930er Jahre ist sie ein junges M\u00e4dchen in Novi Sad. Sie ist in dieser Stadt, gelegen an einem Donauknie in der Ba\u010dka, der Tiefebene zwischen Serbien und Ungarn, aufgewachsen. Nun t\u00f6nt bereits der Vorkrieg durch die Stra\u00dfen. Serben, Ungarn und Deutsche machen sich die Lufthoheit streitig. Dazwischen, schon in der Defensive, viele Menschen j\u00fcdischen Glaubens. F\u00fcr Vera eine doppelte Herausforderung: Der Vater ist Jude, die Mutter eine Donauschw\u00e4bin. Seit der fr\u00fchen Kindheit laviert sie durch ein wildes Gemisch von Sprachen und Idiomen, W\u00fcnschen und \u00dcberlieferungen. Sie erk\u00e4mpft sich eine fast normale Jugend; gepr\u00e4gt vom spr\u00f6den Reiz der Tanzstunden, von K\u00fcssen in Toreinfahrten und der Verunsicherung ob des sich scheinbar st\u00fcndlich wandelnden K\u00f6rpers. Als die deutsche Wehrmacht Jugoslawien 1941 besetzt und Ungarn als Verb\u00fcndeter die Ba\u010dka annektiert, beginnen f\u00fcr sie Jahre der Isolation. Zwar wird das Handelsgesch\u00e4ft des j\u00fcdischen Vaters einem Kommissar unterstellt, aber noch immer gibt es eine Hausangestellte, die den Kindern das Fr\u00fchst\u00fcck bringt. Was bleibt ist das Warten auf eine Zukunft, die kaum anderes als den Untergang bereithalten kann. Im Mai 1944 ist es so weit: Deutschland besetzt das abtr\u00fcnnige Ungarn und die Deportationen beginnen. Veras Familie wird nach Auschwitz verschleppt. Sie selbst \u00fcberlebt das Lager als Zwangsprostituierte. Ein Jahr sp\u00e4ter, nach der Befreiung des Lagers, kommt sie nach Novi Sad zur\u00fcck. Aber was hilft es, zu \u00fcberleben, wenn man nicht vergessen kann? Sie ist umstellt von der gierigen Lebensfreude der Davongekommenen, die sich mit den Vorboten des titoschen Kommunismus und neuen Repressionen paart. Was soll sie hier? Wo ist ihr Platz? Vera driftet ohne Anker durch die Jahre, ein wenig Halt findet sie allein bei ihrem Jugendfreund Sredoje, der als ehemaliger Partisan \u00e4hnlich entwurzelt durch die Nachkriegszeit streift. Als er sie einmal fragt, ob sie sich denn mit all dem Grauen im Lager habe abfinden k\u00f6nnen, erwidert sie: \u201eSicher habe ich mich abgefunden, ich bin ja am Leben\u201c.<br \/>\nngg_shortcode_0_placeholder<\/p>\n<p><!--more--><\/p>\n<p>Aleksandar Ti\u0161ma wurde am 16.01.1924 in Novi Sad geboren. Die Elternkonstellation \u00e4hnelt der seines Romans: Der Vater war ein serbischer Kaufmann christlichen Glaubens, die Mutter J\u00fcdin. Dar\u00fcber hinaus existiert eine Reihe weiterer Parallelen zu Handlungselementen des Romans, so lernte auch Ti\u0161ma, wie die Hauptfiguren seines Romans, Deutsch bei einer Privatlehrerin. Dass sich an das Abitur anschlie\u00dfende Studium konnte Ti\u0161ma wegen des Krieges nicht beenden, er schloss es 1954 in Belgrad mit einem Diplom in Anglistik ab. Danach arbeitete er als Lektor und Redakteur; seine B\u00fccher erschienen ab den 1970er Jahren in Serbien und in deutscher Sprache ab 1991. Sie gewannen in den herausragenden \u00dcbersetzungen Barbara Antkowiaks schnell eine breite Leserschaft. Besondere Resonanz erzielten neben \u201eDer Gebrauch des Menschen\u201c (1991), \u201eKapo\u201c (1997) und \u201eTreue und Verrat\u201c (1999). Sein Werk gilt heute als Teil der Weltliteratur; Ti\u0161ma gelang es exemplarisch, die individuelle und intergenerationelle Last, die kriegerische Gewaltexzesse und die Shoa in den Menschen hinterlie\u00dfen, erfahrbar zu machen. Ti\u0161ma starb am 16.02.2003 in Novi Sad.<\/p>\n<h4 id=\"presse\">Auszeichnung<\/h4>\n<p><em>Begr\u00fcndung zur Auszeichnung &#8222;H\u00f6rspiel des Monats&#8220; Oktober 2025, Juroren: Laila Stieler und Sebastian Krumbiegel<\/em><\/p>\n<p>Novi Sad, im Norden Serbiens. Zu Beginn des 20. Jahrhunderts wechselte die Stadt mehrmals die staatliche Zuordnung. So leben hier in den 30er Jahren Juden, Serben, Ungarn und Deutsche friedlich zusammen. Die drei Jugendlichen Vera, Milenko und Sredoje lernen sich im Privatunterricht eines deutschen Fr\u00e4uleins kennen, den sie mehr oder weniger von den Eltern gen\u00f6tigt besuchen, um die schwere Sprache zu lernen. Vera und Milenko werden schnell ein Paar, wobei der wissensdurstige Junge sich eher f\u00fcr die Bibliothek von Veras Vater als f\u00fcr seine sch\u00f6ne Freundin interessiert. Der Haudegen Sredoje ist mehr f\u00fcr k\u00f6rperliche Freuden zu haben. Er \u00e4ugt hin und wieder nach Vera. Doch die ist ja eine Klasse f\u00fcr sich.<\/p>\n<p>So leicht, so heiter, so melancholisch beginnt die Geschichte und doch sp\u00fcren wir schon die kommende Katastrophe. W\u00e4hrend ihr j\u00fcdischer Vater noch auf Rettung hofft, wei\u00df Vera schon vor ihm, dass es diese nicht gibt. Die Familie wird nach Auschwitz deportiert, wo Vera Zwangsprostituierte wird und \u00fcberlebt. Sie kehrt nach Novi Sad zur\u00fcck. Taumelt durch ihr neues Dasein und kann doch nicht vergessen. Da trifft sie Sredoje wieder, der als Partisan gek\u00e4mpft hat und sich in der neuen Zeit ebenfalls nicht zurechtfindet.<\/p>\n<p>Was f\u00fcr ein Bogen! Was f\u00fcr eine Erz\u00e4hlung! Sie umspannt mehrere Leben. Schicksale, die sich nur unweit von uns entfernt ereignet haben und dennoch so weit weg scheinen, als h\u00e4tten sie nichts mit uns zu tun. Daran zu erinnern, dass dies, auch dies, unsere Geschichte ist, ist nur ein Aspekt dieses sehr gelungenen H\u00f6rspiels.<\/p>\n<p>Es erz\u00e4hlt \u00fcber drei Teile, von den 30ern bis in die 50er Jahre, die Geschichte der anfangs jugendlichen Protagonisten, fokussiert im zweiten Teil st\u00e4rker auf Vera und schildert im sehr starken dritten Teil deren Heimkehr, Haltlosigkeit und das Unverst\u00e4ndnis der anderen \u00dcberlebenden, die vergessen k\u00f6nnen, was Vera nicht vergessen kann.<\/p>\n<p>Roman-Adaptionen sind kein leichtes Unterfangen. Wie wird man der Sprache gerecht, dieser Ausdruckskraft? Wie dem Umfang?<br \/>\nDas H\u00f6rspiel von Stefan Kanis findet in beiden F\u00e4llen kluge L\u00f6sungen, die den H\u00f6rer herausfordern.<br \/>\nDramaturgisch gekonnt findet hier eine Steigerung statt. Deuten sich im ersten Teil schon die k\u00fcnftigen Konflikte an, steigert sich die Erz\u00e4hlung im zweiten Teil hin zu einer m\u00f6glichen Rettung, die jedoch nicht stattfindet. Der aufw\u00fchlende dritte Teil erz\u00e4hlt die Katastrophe nach der Katastrophe. Er ist der intensivste der drei Teile, eine Entwicklung, die fast zwangsl\u00e4ufig erscheint.<\/p>\n<p>Sprachlich bleibt das St\u00fcck eng an Aleksandar Ti\u0161mas Roman und dessen genialer \u00dcbersetzung (Barbara Antkowiak), verneigt sich vor deren Stil. Elegant findet Regisseur Stefan Kanis eine Ebene zwischen Drama und Erz\u00e4hlung. So werden wir immer wieder auf die literarische Kraft des Romans verwiesen.<\/p>\n<p>Bericht, Erz\u00e4hlung und Dialog wechseln einander ab, wodurch eine gewisse Distanz entsteht. Jegliches Pathos wird auf diese Weise vermieden. Umso st\u00e4rker die Wucht des Erz\u00e4hlten. Das St\u00fcck l\u00e4sst uns Raum, uns Szenen vorzustellen, die L\u00fccken der Zeitspr\u00fcnge zu f\u00fcllen. Was Vera in Auschwitz erlebt haben muss, wird nur knapp angedeutet. Wir verstehen und erahnen es anhand ihrer Unf\u00e4higkeit, im Frieden anzukommen. In ihrem Innern ist immer noch Krieg, was sie mit dem ebenfalls traumatisierten Sredoje verbindet. In dieser Gemeinschaft, so versehrt sie ist, steckt ein wenig Hoffnung &#8211; mehr zu erahnen, als tats\u00e4chlich vorhanden, mehr in unserer Phantasie. Denn leicht machen es uns die Sch\u00f6pfer dieses H\u00f6rspiels nicht, sie wollen, sie k\u00f6nnen nichts besch\u00f6nigen.<br \/>\nWas f\u00fcr eine kluge, eine interessante Adaption! Was f\u00fcr ein intensives, herausforderndes St\u00fcck.<\/p>\n","protected":false},"excerpt":{"rendered":"<p>Sicher habe ich mich abgefunden, ich bin ja am Leben Ausschnitt aus \u00bbDer Gebrauch des Menschen\u00ab Der Gebrauch des Menschen |&nbsp; von Aleksandar Ti\u0161ma. Mit J\u00f6rdis Trauer, Oscar Hoppe, Birte Schn\u00f6ink, Werner W\u00f6lbern, Franz Hartwig, Andr\u00e9 Kaczmarcyk, Alexander Khuon, Max &hellip; <a href=\"https:\/\/sperrsitz.net\/?p=4577\">Weiterlesen <span class=\"meta-nav\">&rarr;<\/span><\/a><\/p>\n","protected":false},"author":1,"featured_media":4585,"comment_status":"closed","ping_status":"open","sticky":false,"template":"","format":"standard","meta":{"ngg_post_thumbnail":0,"footnotes":""},"categories":[21],"tags":[442,443],"class_list":["post-4577","post","type-post","status-publish","format-standard","has-post-thumbnail","hentry","category-furs-radio","tag-aleksandar-tisma","tag-novi-sad"],"yoast_head":"<!-- This site is optimized with the Yoast SEO plugin v27.5 - https:\/\/yoast.com\/product\/yoast-seo-wordpress\/ -->\n<title>Der Gebrauch des Menschen &#8211; Sperrsitz.net<\/title>\n<meta name=\"robots\" content=\"index, follow, max-snippet:-1, max-image-preview:large, max-video-preview:-1\" \/>\n<link rel=\"canonical\" href=\"https:\/\/sperrsitz.net\/?p=4577\" \/>\n<meta property=\"og:locale\" content=\"de_DE\" \/>\n<meta property=\"og:type\" content=\"article\" \/>\n<meta property=\"og:title\" content=\"Der Gebrauch des Menschen &#8211; Sperrsitz.net\" \/>\n<meta property=\"og:description\" content=\"Sicher habe ich mich abgefunden, ich bin ja am Leben Ausschnitt aus \u00bbDer Gebrauch des Menschen\u00ab Der Gebrauch des Menschen |&nbsp; von Aleksandar Ti\u0161ma. Mit J\u00f6rdis Trauer, Oscar Hoppe, Birte Schn\u00f6ink, Werner W\u00f6lbern, Franz Hartwig, Andr\u00e9 Kaczmarcyk, Alexander Khuon, Max &hellip; Weiterlesen &rarr;\" \/>\n<meta property=\"og:url\" content=\"https:\/\/sperrsitz.net\/?p=4577\" \/>\n<meta property=\"og:site_name\" content=\"Sperrsitz.net\" \/>\n<meta property=\"article:published_time\" content=\"2025-04-28T15:19:26+00:00\" \/>\n<meta property=\"article:modified_time\" content=\"2025-11-26T16:37:23+00:00\" \/>\n<meta property=\"og:image\" content=\"https:\/\/sperrsitz.net\/wp-content\/uploads\/Gebrauch-Teil-Eins_Kachel_klein.jpg\" \/>\n\t<meta property=\"og:image:width\" content=\"800\" \/>\n\t<meta property=\"og:image:height\" content=\"800\" \/>\n\t<meta property=\"og:image:type\" content=\"image\/jpeg\" \/>\n<meta name=\"author\" content=\"Stefan Kanis\" \/>\n<meta name=\"twitter:card\" content=\"summary_large_image\" \/>\n<meta name=\"twitter:label1\" content=\"Verfasst von\" \/>\n\t<meta name=\"twitter:data1\" content=\"Stefan Kanis\" \/>\n\t<meta name=\"twitter:label2\" content=\"Gesch\u00e4tzte Lesezeit\" \/>\n\t<meta name=\"twitter:data2\" content=\"7\u00a0Minuten\" \/>\n<script type=\"application\/ld+json\" class=\"yoast-schema-graph\">{\"@context\":\"https:\\\/\\\/schema.org\",\"@graph\":[{\"@type\":\"Article\",\"@id\":\"https:\\\/\\\/sperrsitz.net\\\/?p=4577#article\",\"isPartOf\":{\"@id\":\"https:\\\/\\\/sperrsitz.net\\\/?p=4577\"},\"author\":{\"name\":\"Stefan Kanis\",\"@id\":\"https:\\\/\\\/sperrsitz.net\\\/#\\\/schema\\\/person\\\/c3186daad093aa259c336c430f1f3e78\"},\"headline\":\"Der Gebrauch des Menschen\",\"datePublished\":\"2025-04-28T15:19:26+00:00\",\"dateModified\":\"2025-11-26T16:37:23+00:00\",\"mainEntityOfPage\":{\"@id\":\"https:\\\/\\\/sperrsitz.net\\\/?p=4577\"},\"wordCount\":1222,\"publisher\":{\"@id\":\"https:\\\/\\\/sperrsitz.net\\\/#\\\/schema\\\/person\\\/c3186daad093aa259c336c430f1f3e78\"},\"image\":{\"@id\":\"https:\\\/\\\/sperrsitz.net\\\/?p=4577#primaryimage\"},\"thumbnailUrl\":\"https:\\\/\\\/sperrsitz.net\\\/wp-content\\\/uploads\\\/Gebrauch-Teil-Eins_Kachel_klein.jpg\",\"keywords\":[\"Aleksandar Ti\u0161ma\",\"Novi Sad\"],\"articleSection\":[\"Radioarbeiten\"],\"inLanguage\":\"de\"},{\"@type\":\"WebPage\",\"@id\":\"https:\\\/\\\/sperrsitz.net\\\/?p=4577\",\"url\":\"https:\\\/\\\/sperrsitz.net\\\/?p=4577\",\"name\":\"Der Gebrauch des Menschen &#8211; Sperrsitz.net\",\"isPartOf\":{\"@id\":\"https:\\\/\\\/sperrsitz.net\\\/#website\"},\"primaryImageOfPage\":{\"@id\":\"https:\\\/\\\/sperrsitz.net\\\/?p=4577#primaryimage\"},\"image\":{\"@id\":\"https:\\\/\\\/sperrsitz.net\\\/?p=4577#primaryimage\"},\"thumbnailUrl\":\"https:\\\/\\\/sperrsitz.net\\\/wp-content\\\/uploads\\\/Gebrauch-Teil-Eins_Kachel_klein.jpg\",\"datePublished\":\"2025-04-28T15:19:26+00:00\",\"dateModified\":\"2025-11-26T16:37:23+00:00\",\"breadcrumb\":{\"@id\":\"https:\\\/\\\/sperrsitz.net\\\/?p=4577#breadcrumb\"},\"inLanguage\":\"de\",\"potentialAction\":[{\"@type\":\"ReadAction\",\"target\":[\"https:\\\/\\\/sperrsitz.net\\\/?p=4577\"]}]},{\"@type\":\"ImageObject\",\"inLanguage\":\"de\",\"@id\":\"https:\\\/\\\/sperrsitz.net\\\/?p=4577#primaryimage\",\"url\":\"https:\\\/\\\/sperrsitz.net\\\/wp-content\\\/uploads\\\/Gebrauch-Teil-Eins_Kachel_klein.jpg\",\"contentUrl\":\"https:\\\/\\\/sperrsitz.net\\\/wp-content\\\/uploads\\\/Gebrauch-Teil-Eins_Kachel_klein.jpg\",\"width\":800,\"height\":800,\"caption\":\"Der Gebrauch des Menschen\"},{\"@type\":\"BreadcrumbList\",\"@id\":\"https:\\\/\\\/sperrsitz.net\\\/?p=4577#breadcrumb\",\"itemListElement\":[{\"@type\":\"ListItem\",\"position\":1,\"name\":\"Home\",\"item\":\"https:\\\/\\\/sperrsitz.net\\\/\"},{\"@type\":\"ListItem\",\"position\":2,\"name\":\"Der Gebrauch des Menschen\"}]},{\"@type\":\"WebSite\",\"@id\":\"https:\\\/\\\/sperrsitz.net\\\/#website\",\"url\":\"https:\\\/\\\/sperrsitz.net\\\/\",\"name\":\"Sperrsitz.net\",\"description\":\"Stefan Kanis | Radioregie und Allf\u00e4lliges.\",\"publisher\":{\"@id\":\"https:\\\/\\\/sperrsitz.net\\\/#\\\/schema\\\/person\\\/c3186daad093aa259c336c430f1f3e78\"},\"potentialAction\":[{\"@type\":\"SearchAction\",\"target\":{\"@type\":\"EntryPoint\",\"urlTemplate\":\"https:\\\/\\\/sperrsitz.net\\\/?s={search_term_string}\"},\"query-input\":{\"@type\":\"PropertyValueSpecification\",\"valueRequired\":true,\"valueName\":\"search_term_string\"}}],\"inLanguage\":\"de\"},{\"@type\":[\"Person\",\"Organization\"],\"@id\":\"https:\\\/\\\/sperrsitz.net\\\/#\\\/schema\\\/person\\\/c3186daad093aa259c336c430f1f3e78\",\"name\":\"Stefan Kanis\",\"image\":{\"@type\":\"ImageObject\",\"inLanguage\":\"de\",\"@id\":\"https:\\\/\\\/secure.gravatar.com\\\/avatar\\\/b0feff0bc183a7e3ea2924fad583004078cc47ddae0ee8e37c029afb403a8649?s=96&d=mm&r=g\",\"url\":\"https:\\\/\\\/secure.gravatar.com\\\/avatar\\\/b0feff0bc183a7e3ea2924fad583004078cc47ddae0ee8e37c029afb403a8649?s=96&d=mm&r=g\",\"contentUrl\":\"https:\\\/\\\/secure.gravatar.com\\\/avatar\\\/b0feff0bc183a7e3ea2924fad583004078cc47ddae0ee8e37c029afb403a8649?s=96&d=mm&r=g\",\"caption\":\"Stefan Kanis\"},\"logo\":{\"@id\":\"https:\\\/\\\/secure.gravatar.com\\\/avatar\\\/b0feff0bc183a7e3ea2924fad583004078cc47ddae0ee8e37c029afb403a8649?s=96&d=mm&r=g\"},\"sameAs\":[\"https:\\\/\\\/de.wikipedia.org\\\/wiki\\\/Stefan_Kanis\"]}]}<\/script>\n<!-- \/ Yoast SEO plugin. -->","yoast_head_json":{"title":"Der Gebrauch des Menschen &#8211; Sperrsitz.net","robots":{"index":"index","follow":"follow","max-snippet":"max-snippet:-1","max-image-preview":"max-image-preview:large","max-video-preview":"max-video-preview:-1"},"canonical":"https:\/\/sperrsitz.net\/?p=4577","og_locale":"de_DE","og_type":"article","og_title":"Der Gebrauch des Menschen &#8211; Sperrsitz.net","og_description":"Sicher habe ich mich abgefunden, ich bin ja am Leben Ausschnitt aus \u00bbDer Gebrauch des Menschen\u00ab Der Gebrauch des Menschen |&nbsp; von Aleksandar Ti\u0161ma. Mit J\u00f6rdis Trauer, Oscar Hoppe, Birte Schn\u00f6ink, Werner W\u00f6lbern, Franz Hartwig, Andr\u00e9 Kaczmarcyk, Alexander Khuon, Max &hellip; Weiterlesen &rarr;","og_url":"https:\/\/sperrsitz.net\/?p=4577","og_site_name":"Sperrsitz.net","article_published_time":"2025-04-28T15:19:26+00:00","article_modified_time":"2025-11-26T16:37:23+00:00","og_image":[{"width":800,"height":800,"url":"https:\/\/sperrsitz.net\/wp-content\/uploads\/Gebrauch-Teil-Eins_Kachel_klein.jpg","type":"image\/jpeg"}],"author":"Stefan Kanis","twitter_card":"summary_large_image","twitter_misc":{"Verfasst von":"Stefan Kanis","Gesch\u00e4tzte Lesezeit":"7\u00a0Minuten"},"schema":{"@context":"https:\/\/schema.org","@graph":[{"@type":"Article","@id":"https:\/\/sperrsitz.net\/?p=4577#article","isPartOf":{"@id":"https:\/\/sperrsitz.net\/?p=4577"},"author":{"name":"Stefan Kanis","@id":"https:\/\/sperrsitz.net\/#\/schema\/person\/c3186daad093aa259c336c430f1f3e78"},"headline":"Der Gebrauch des Menschen","datePublished":"2025-04-28T15:19:26+00:00","dateModified":"2025-11-26T16:37:23+00:00","mainEntityOfPage":{"@id":"https:\/\/sperrsitz.net\/?p=4577"},"wordCount":1222,"publisher":{"@id":"https:\/\/sperrsitz.net\/#\/schema\/person\/c3186daad093aa259c336c430f1f3e78"},"image":{"@id":"https:\/\/sperrsitz.net\/?p=4577#primaryimage"},"thumbnailUrl":"https:\/\/sperrsitz.net\/wp-content\/uploads\/Gebrauch-Teil-Eins_Kachel_klein.jpg","keywords":["Aleksandar Ti\u0161ma","Novi Sad"],"articleSection":["Radioarbeiten"],"inLanguage":"de"},{"@type":"WebPage","@id":"https:\/\/sperrsitz.net\/?p=4577","url":"https:\/\/sperrsitz.net\/?p=4577","name":"Der Gebrauch des Menschen &#8211; Sperrsitz.net","isPartOf":{"@id":"https:\/\/sperrsitz.net\/#website"},"primaryImageOfPage":{"@id":"https:\/\/sperrsitz.net\/?p=4577#primaryimage"},"image":{"@id":"https:\/\/sperrsitz.net\/?p=4577#primaryimage"},"thumbnailUrl":"https:\/\/sperrsitz.net\/wp-content\/uploads\/Gebrauch-Teil-Eins_Kachel_klein.jpg","datePublished":"2025-04-28T15:19:26+00:00","dateModified":"2025-11-26T16:37:23+00:00","breadcrumb":{"@id":"https:\/\/sperrsitz.net\/?p=4577#breadcrumb"},"inLanguage":"de","potentialAction":[{"@type":"ReadAction","target":["https:\/\/sperrsitz.net\/?p=4577"]}]},{"@type":"ImageObject","inLanguage":"de","@id":"https:\/\/sperrsitz.net\/?p=4577#primaryimage","url":"https:\/\/sperrsitz.net\/wp-content\/uploads\/Gebrauch-Teil-Eins_Kachel_klein.jpg","contentUrl":"https:\/\/sperrsitz.net\/wp-content\/uploads\/Gebrauch-Teil-Eins_Kachel_klein.jpg","width":800,"height":800,"caption":"Der Gebrauch des Menschen"},{"@type":"BreadcrumbList","@id":"https:\/\/sperrsitz.net\/?p=4577#breadcrumb","itemListElement":[{"@type":"ListItem","position":1,"name":"Home","item":"https:\/\/sperrsitz.net\/"},{"@type":"ListItem","position":2,"name":"Der Gebrauch des Menschen"}]},{"@type":"WebSite","@id":"https:\/\/sperrsitz.net\/#website","url":"https:\/\/sperrsitz.net\/","name":"Sperrsitz.net","description":"Stefan Kanis | Radioregie und Allf\u00e4lliges.","publisher":{"@id":"https:\/\/sperrsitz.net\/#\/schema\/person\/c3186daad093aa259c336c430f1f3e78"},"potentialAction":[{"@type":"SearchAction","target":{"@type":"EntryPoint","urlTemplate":"https:\/\/sperrsitz.net\/?s={search_term_string}"},"query-input":{"@type":"PropertyValueSpecification","valueRequired":true,"valueName":"search_term_string"}}],"inLanguage":"de"},{"@type":["Person","Organization"],"@id":"https:\/\/sperrsitz.net\/#\/schema\/person\/c3186daad093aa259c336c430f1f3e78","name":"Stefan Kanis","image":{"@type":"ImageObject","inLanguage":"de","@id":"https:\/\/secure.gravatar.com\/avatar\/b0feff0bc183a7e3ea2924fad583004078cc47ddae0ee8e37c029afb403a8649?s=96&d=mm&r=g","url":"https:\/\/secure.gravatar.com\/avatar\/b0feff0bc183a7e3ea2924fad583004078cc47ddae0ee8e37c029afb403a8649?s=96&d=mm&r=g","contentUrl":"https:\/\/secure.gravatar.com\/avatar\/b0feff0bc183a7e3ea2924fad583004078cc47ddae0ee8e37c029afb403a8649?s=96&d=mm&r=g","caption":"Stefan Kanis"},"logo":{"@id":"https:\/\/secure.gravatar.com\/avatar\/b0feff0bc183a7e3ea2924fad583004078cc47ddae0ee8e37c029afb403a8649?s=96&d=mm&r=g"},"sameAs":["https:\/\/de.wikipedia.org\/wiki\/Stefan_Kanis"]}]}},"_links":{"self":[{"href":"https:\/\/sperrsitz.net\/index.php?rest_route=\/wp\/v2\/posts\/4577","targetHints":{"allow":["GET"]}}],"collection":[{"href":"https:\/\/sperrsitz.net\/index.php?rest_route=\/wp\/v2\/posts"}],"about":[{"href":"https:\/\/sperrsitz.net\/index.php?rest_route=\/wp\/v2\/types\/post"}],"author":[{"embeddable":true,"href":"https:\/\/sperrsitz.net\/index.php?rest_route=\/wp\/v2\/users\/1"}],"replies":[{"embeddable":true,"href":"https:\/\/sperrsitz.net\/index.php?rest_route=%2Fwp%2Fv2%2Fcomments&post=4577"}],"version-history":[{"count":15,"href":"https:\/\/sperrsitz.net\/index.php?rest_route=\/wp\/v2\/posts\/4577\/revisions"}],"predecessor-version":[{"id":4610,"href":"https:\/\/sperrsitz.net\/index.php?rest_route=\/wp\/v2\/posts\/4577\/revisions\/4610"}],"wp:featuredmedia":[{"embeddable":true,"href":"https:\/\/sperrsitz.net\/index.php?rest_route=\/wp\/v2\/media\/4585"}],"wp:attachment":[{"href":"https:\/\/sperrsitz.net\/index.php?rest_route=%2Fwp%2Fv2%2Fmedia&parent=4577"}],"wp:term":[{"taxonomy":"category","embeddable":true,"href":"https:\/\/sperrsitz.net\/index.php?rest_route=%2Fwp%2Fv2%2Fcategories&post=4577"},{"taxonomy":"post_tag","embeddable":true,"href":"https:\/\/sperrsitz.net\/index.php?rest_route=%2Fwp%2Fv2%2Ftags&post=4577"}],"curies":[{"name":"wp","href":"https:\/\/api.w.org\/{rel}","templated":true}]}}