{"id":4533,"date":"2024-11-11T16:41:48","date_gmt":"2024-11-11T15:41:48","guid":{"rendered":"https:\/\/sperrsitz.net\/?p=4533"},"modified":"2025-11-26T17:21:25","modified_gmt":"2025-11-26T16:21:25","slug":"zugluft-im-weltgefuege","status":"publish","type":"post","link":"https:\/\/sperrsitz.net\/?p=4533","title":{"rendered":"Zugluft im Weltgef\u00fcge"},"content":{"rendered":"<h3>Ein Dialog mit Jacob B\u00f6hme<\/h3>\n<p class=\"audio_abstand\"><a id=\"mbmaplayer_1541025076249\" class=\"mb_map {skin:'black', animate:true, width:'50%', volume:0.4, autoplay:false, loop:false, showVolumeLevel:true, showTime:true, allowMute:true, showRew:true, addGradientOverlay:false, downloadable:false, downloadablesecurity:false, id3: false}\" href=\"https:\/\/sperrsitz.net\/wp-content\/uploads\/audio\/Ausschnitt Zugluft im Weltgefuege_lang.mp3\">Ausschnitt aus \u00bbZugluft im Weltgef\u00fcge\u00ab<\/a><\/p>\n<p><a title=\"Zugluft im Weltgef\u00fcge (\u00a9 MDR\/E.Gaeding)\" href=\"https:\/\/sperrsitz.net\/wp-content\/uploads\/Audio-Cover_Zugluft_quadrat_klein.jpg\"><img loading=\"lazy\" decoding=\"async\" class=\"alignleft wp-image-4536 size-medium\" src=\"https:\/\/sperrsitz.net\/wp-content\/uploads\/Audio-Cover_Zugluft_quadrat_klein-300x300.jpg\" alt=\"Audiocover Zugluft im Weltgef\u00fcge (\u00a9 MDR\/E.Gaeding)\" width=\"300\" height=\"300\" srcset=\"https:\/\/sperrsitz.net\/wp-content\/uploads\/Audio-Cover_Zugluft_quadrat_klein-300x300.jpg 300w, https:\/\/sperrsitz.net\/wp-content\/uploads\/Audio-Cover_Zugluft_quadrat_klein-150x150.jpg 150w, https:\/\/sperrsitz.net\/wp-content\/uploads\/Audio-Cover_Zugluft_quadrat_klein-144x144.jpg 144w, https:\/\/sperrsitz.net\/wp-content\/uploads\/Audio-Cover_Zugluft_quadrat_klein.jpg 768w\" sizes=\"auto, (max-width: 300px) 100vw, 300px\" \/><\/a><\/p>\n<p><strong>Zugluft im Weltgef\u00fcge<\/strong> |&nbsp;<br \/>\nvon <a href=\"https:\/\/de.wikipedia.org\/wiki\/Ruth_Johanna_Benrath\" target=\"_blank\" rel=\"noopener\">Ruth Johanna Benrath<\/a>.<br \/>\n<strong>Mit<\/strong> <a href=\"https:\/\/de.wikipedia.org\/wiki\/Jens_Harzer\" target=\"_blank\" rel=\"noopener\">Jens Harzer<\/a>, <a href=\"https:\/\/de.wikipedia.org\/wiki\/Birte_Schn%C3%B6ink\" target=\"_blank\" rel=\"noopener\">Birte Schn\u00f6ink<\/a>, Carolin Wege und <a href=\"https:\/\/de.wikipedia.org\/wiki\/Regina_Lemnitz\" target=\"_blank\" rel=\"noopener\">Regina Lemnitz<\/a>. <strong>Komposition<\/strong> <a href=\"https:\/\/de.wikipedia.org\/wiki\/Janko_Hanushevsky\" target=\"_blank\" rel=\"noopener\">Janko Hanushevsky<\/a> <strong>Viola da Gamba<\/strong>&nbsp;Nathan Bontrager <strong>Ton<\/strong> Holger K\u00f6nig <strong>Schnitt<\/strong> Christian Grund und Steffen Brosig <strong>Regie<\/strong> Stefan Kanis<br \/>\n<strong>Erstsendung<\/strong> MDR KULTUR, 11. November 2024&nbsp;<\/p>\n<h4>Inhalt | <a href=\"https:\/\/sperrsitz.net\/?p=4533#presse\">Presse<\/a><\/h4>\n<p class=\"sstyle\">Welche Farbe kommt Schnee am n\u00e4chsten? Bl\u00e4uliches Wei\u00df oder wei\u00dfliches Blau? Schneerosa? Ein buntes Nichts? Beseeltes Wasser? Wohnt Gott dort, wo es unendliche Formen gibt: Im Kristall? Ruth Johanna Benrath verabredet sich mit Jacob B\u00f6hme zu einem Dialog der Freiheit. Der G\u00f6rlitzer Mystiker (und \u201eerste deutsche Philosoph!\u201c) macht sich Gedanken, ob der Himmel im Mund des Menschen genug Platz hat. Und vertraut ihm &#8211; in Gottes Auftrag &#8211; die Welt an: \u201eDenn keine Creatur kan der Welt Wunder an Tag und ans Licht bringen, als der Mensch.\u201c Diesen Vorschuss an Zuversicht muss die Autorin nach vierhundert Jahren erg\u00e4nzen: \u201eZuerst hat der Mensch den Wald verbrannt, dann die Elefanten, dann die Sonne und dann sich selbst\u201c.<br \/>\nWie eine Doppelhelix ziehen B\u00f6hme &amp; Benrath in je eigener Stimmung eine Linie, die eine Kurve ist. Zum Anfang dessen, was wir \u00fcber uns wissen, item: \u00fcber Gott &amp; die Welt. Jacob B\u00f6hme lebte von 1575 bis 1624 in G\u00f6rlitz. Er gilt als einer der bedeutendsten Mystiker deutscher Zunge. Sein Denken verkn\u00fcpft Ans\u00e4tze zur inneren Freiheit des Menschen, zur Natur als Vor- und Sinnbild und zur weiblichen Seite der Erkenntnis. Sein Nachruhm ist immens.<br \/>\nngg_shortcode_0_placeholder<\/p>\n<p><!--more--><\/p>\n<p>&nbsp;<\/p>\n<p>Ruth Johanna Benrath (*1966 in Heidelberg) schreibt Gedichte, Romane, H\u00f6rspiele und Theatertexte. Ihr H\u00f6rspiel \u201eGeh Dicht Dichtig!\u201c wurde von der Jury der DADK zum \u201eH\u00f6rspiel des Jahres 2019\u201c gew\u00e4hlt. Sie erhielt zahlreiche Preise und Stipendien, darunter den M\u00fcnchner Lyrikpreis 2021 f\u00fcr das Langgedicht \u201ePSALM \/ aus der tieffen\u201c, das der MDR 2022 als H\u00f6rspiel produzierte.<\/p>\n<h4 id=\"presse\">Presse<\/h4>\n<p>Ein Hund bellt, eine Kutsche rattert vorbei, Bl\u00e4tter rauschen im Wind. Das ist in den ersten Minuten des sehr poetischen, magisch schwebenden H\u00f6rspiels Zugluft im Weltgef\u00fcge das Fassbarste, obgleich einen auch diese naturalistischen Ger\u00e4usche in eine Vergangenheit schubsen, in der man fremd ist und bleiben wird. Jens Harzer spricht dazu einen altert\u00fcmlichen, r\u00e4tselhaften Text, beides wird miteinander verwoben durch eine f\u00fcr ihn typische Komposition von Janko Hanushevsky, interpretiert von Nathan Bontrager an zwei Streichinstrumenten, Viola da gamba und Nyckelharpa: fluid und doch manifest, nicht blo\u00dfe Untermalung, sondern Interpretation. Die Autorin Ruth Johanna Benrath tritt auch hier wie in vielen ihrer H\u00f6rspiel-Arbeiten in einen Dialog mit verstorbenen K\u00fcnstlern und deren Werken. (\u2026)<\/p>\n<p>In ihrem Langgedicht PSALM \/ aus der tieffen, das Stefan Kanis vor zwei Jahren f\u00fcr den MDR als H\u00f6rspiel inszeniert hat, begibt Benrath sich auf eine poetische Irrfahrt in die Gedankenwelt Martin Luthers und seiner Bibelauslegung. Kanis hat auch Benraths neues H\u00f6rspiel inszeniert, Zugluft im Weltgef\u00fcge, das ebenfalls einen starken Glaubensbezug hat. (\u2026)<\/p>\n<p>Jakob B\u00f6hmes Denken war noch sehr an der mittelalterlichen Weltsicht orientiert, hat sich aber bereits in einer Richtung orientiert, die einmal in die Aufkl\u00e4rung m\u00fcnden sollte. Benrath nimmt die Gedanken auf, denkt sie weiter bis in unsere Gegenwart. Sie l\u00e4sst, deshalb der wunderbare Titel ihres H\u00f6rspiels, B\u00f6hmes gedankliche Zugluft durch das Weltgef\u00fcge brausen, konfrontiert das religi\u00f6se mit einem rationalen Denken. Es sind weitsichtige, existenzielle Gedanken, die B\u00f6hme und Benrath da formulieren, \u00fcber das irritierende Verh\u00e4ltnis des G\u00f6ttlichen und des Menschlichen zueinander. Die Weltsicht ist hier nicht zu trennen vom sprachlichen Verm\u00f6gen, diese auszudr\u00fccken. An diesem Punkt tritt Zugluft im Weltgef\u00fcge in einen funkelnden Dialog mit dem H\u00f6rspiel &#8222;Vokabelmeer&#8220; des K\u00fcnstlerduos Liquid Penguin Ensembles, (\u2026) Beide St\u00fccke sind sprachm\u00e4chtig, klug, subtil, verspielt und lehrreich. Und sie beharren darauf, dass erst Kunst, Kultur und ein kreativer Gebrauch der Sprache die Welt erkl\u00e4rbar und verst\u00e4ndlich machen.<br \/>\n<em>Stefan Fischer, S\u00fcddeutsche Zeitung, 11.11.2024<\/em><\/p>\n","protected":false},"excerpt":{"rendered":"<p>Ein Dialog mit Jacob B\u00f6hme Ausschnitt aus \u00bbZugluft im Weltgef\u00fcge\u00ab Zugluft im Weltgef\u00fcge |&nbsp; von Ruth Johanna Benrath. Mit Jens Harzer, Birte Schn\u00f6ink, Carolin Wege und Regina Lemnitz. Komposition Janko Hanushevsky Viola da Gamba&nbsp;Nathan Bontrager Ton Holger K\u00f6nig Schnitt Christian &hellip; <a href=\"https:\/\/sperrsitz.net\/?p=4533\">Weiterlesen <span class=\"meta-nav\">&rarr;<\/span><\/a><\/p>\n","protected":false},"author":1,"featured_media":4536,"comment_status":"closed","ping_status":"open","sticky":false,"template":"","format":"standard","meta":{"ngg_post_thumbnail":0,"footnotes":""},"categories":[1],"tags":[437,429],"class_list":["post-4533","post","type-post","status-publish","format-standard","has-post-thumbnail","hentry","category-uncategorized","tag-jacob-boehme","tag-ruth-johanna-benrath"],"yoast_head":"<!-- This site is optimized with the Yoast SEO plugin v27.5 - https:\/\/yoast.com\/product\/yoast-seo-wordpress\/ -->\n<title>Zugluft im Weltgef\u00fcge &#8211; Sperrsitz.net<\/title>\n<meta name=\"description\" content=\"Benrath &amp; B\u00f6hme ziehen gemeinsam eine Linie, die eine Kurve ist. Zum Anfang dessen, was wir \u00fcber uns wissen, item: \u00fcber Gott &amp; die Welt.\" \/>\n<meta name=\"robots\" content=\"index, follow, max-snippet:-1, max-image-preview:large, max-video-preview:-1\" \/>\n<link rel=\"canonical\" href=\"https:\/\/sperrsitz.net\/?p=4533\" \/>\n<meta property=\"og:locale\" content=\"de_DE\" \/>\n<meta property=\"og:type\" content=\"article\" \/>\n<meta property=\"og:title\" content=\"Zugluft im Weltgef\u00fcge &#8211; Sperrsitz.net\" \/>\n<meta property=\"og:description\" content=\"Benrath &amp; B\u00f6hme ziehen gemeinsam eine Linie, die eine Kurve ist. Zum Anfang dessen, was wir \u00fcber uns wissen, item: \u00fcber Gott &amp; die Welt.\" \/>\n<meta property=\"og:url\" content=\"https:\/\/sperrsitz.net\/?p=4533\" \/>\n<meta property=\"og:site_name\" content=\"Sperrsitz.net\" \/>\n<meta property=\"article:published_time\" content=\"2024-11-11T15:41:48+00:00\" \/>\n<meta property=\"article:modified_time\" content=\"2025-11-26T16:21:25+00:00\" \/>\n<meta property=\"og:image\" content=\"https:\/\/sperrsitz.net\/wp-content\/uploads\/Audio-Cover_Zugluft_quadrat_klein.jpg\" \/>\n\t<meta property=\"og:image:width\" content=\"768\" \/>\n\t<meta property=\"og:image:height\" content=\"768\" \/>\n\t<meta property=\"og:image:type\" content=\"image\/jpeg\" \/>\n<meta name=\"author\" content=\"Stefan Kanis\" \/>\n<meta name=\"twitter:card\" content=\"summary_large_image\" \/>\n<meta name=\"twitter:label1\" content=\"Verfasst von\" \/>\n\t<meta name=\"twitter:data1\" content=\"Stefan Kanis\" \/>\n\t<meta name=\"twitter:label2\" content=\"Gesch\u00e4tzte Lesezeit\" \/>\n\t<meta name=\"twitter:data2\" content=\"4\u00a0Minuten\" \/>\n<script type=\"application\/ld+json\" class=\"yoast-schema-graph\">{\"@context\":\"https:\\\/\\\/schema.org\",\"@graph\":[{\"@type\":\"Article\",\"@id\":\"https:\\\/\\\/sperrsitz.net\\\/?p=4533#article\",\"isPartOf\":{\"@id\":\"https:\\\/\\\/sperrsitz.net\\\/?p=4533\"},\"author\":{\"name\":\"Stefan Kanis\",\"@id\":\"https:\\\/\\\/sperrsitz.net\\\/#\\\/schema\\\/person\\\/c3186daad093aa259c336c430f1f3e78\"},\"headline\":\"Zugluft im Weltgef\u00fcge\",\"datePublished\":\"2024-11-11T15:41:48+00:00\",\"dateModified\":\"2025-11-26T16:21:25+00:00\",\"mainEntityOfPage\":{\"@id\":\"https:\\\/\\\/sperrsitz.net\\\/?p=4533\"},\"wordCount\":666,\"publisher\":{\"@id\":\"https:\\\/\\\/sperrsitz.net\\\/#\\\/schema\\\/person\\\/c3186daad093aa259c336c430f1f3e78\"},\"image\":{\"@id\":\"https:\\\/\\\/sperrsitz.net\\\/?p=4533#primaryimage\"},\"thumbnailUrl\":\"https:\\\/\\\/sperrsitz.net\\\/wp-content\\\/uploads\\\/Audio-Cover_Zugluft_quadrat_klein.jpg\",\"keywords\":[\"Jacob B\u00f6hme\",\"Ruth Johanna Benrath\"],\"articleSection\":[\"Allf\u00e4lliges\"],\"inLanguage\":\"de\"},{\"@type\":\"WebPage\",\"@id\":\"https:\\\/\\\/sperrsitz.net\\\/?p=4533\",\"url\":\"https:\\\/\\\/sperrsitz.net\\\/?p=4533\",\"name\":\"Zugluft im Weltgef\u00fcge &#8211; Sperrsitz.net\",\"isPartOf\":{\"@id\":\"https:\\\/\\\/sperrsitz.net\\\/#website\"},\"primaryImageOfPage\":{\"@id\":\"https:\\\/\\\/sperrsitz.net\\\/?p=4533#primaryimage\"},\"image\":{\"@id\":\"https:\\\/\\\/sperrsitz.net\\\/?p=4533#primaryimage\"},\"thumbnailUrl\":\"https:\\\/\\\/sperrsitz.net\\\/wp-content\\\/uploads\\\/Audio-Cover_Zugluft_quadrat_klein.jpg\",\"datePublished\":\"2024-11-11T15:41:48+00:00\",\"dateModified\":\"2025-11-26T16:21:25+00:00\",\"description\":\"Benrath & B\u00f6hme ziehen gemeinsam eine Linie, die eine Kurve ist. Zum Anfang dessen, was wir \u00fcber uns wissen, item: \u00fcber Gott & die Welt.\",\"breadcrumb\":{\"@id\":\"https:\\\/\\\/sperrsitz.net\\\/?p=4533#breadcrumb\"},\"inLanguage\":\"de\",\"potentialAction\":[{\"@type\":\"ReadAction\",\"target\":[\"https:\\\/\\\/sperrsitz.net\\\/?p=4533\"]}]},{\"@type\":\"ImageObject\",\"inLanguage\":\"de\",\"@id\":\"https:\\\/\\\/sperrsitz.net\\\/?p=4533#primaryimage\",\"url\":\"https:\\\/\\\/sperrsitz.net\\\/wp-content\\\/uploads\\\/Audio-Cover_Zugluft_quadrat_klein.jpg\",\"contentUrl\":\"https:\\\/\\\/sperrsitz.net\\\/wp-content\\\/uploads\\\/Audio-Cover_Zugluft_quadrat_klein.jpg\",\"width\":768,\"height\":768,\"caption\":\"Audiocover Zugluft im Weltgef\u00fcge (Rechte: MDR\\\/Eva Gaeding)\"},{\"@type\":\"BreadcrumbList\",\"@id\":\"https:\\\/\\\/sperrsitz.net\\\/?p=4533#breadcrumb\",\"itemListElement\":[{\"@type\":\"ListItem\",\"position\":1,\"name\":\"Home\",\"item\":\"https:\\\/\\\/sperrsitz.net\\\/\"},{\"@type\":\"ListItem\",\"position\":2,\"name\":\"Zugluft im Weltgef\u00fcge\"}]},{\"@type\":\"WebSite\",\"@id\":\"https:\\\/\\\/sperrsitz.net\\\/#website\",\"url\":\"https:\\\/\\\/sperrsitz.net\\\/\",\"name\":\"Sperrsitz.net\",\"description\":\"Stefan Kanis | Radioregie und Allf\u00e4lliges.\",\"publisher\":{\"@id\":\"https:\\\/\\\/sperrsitz.net\\\/#\\\/schema\\\/person\\\/c3186daad093aa259c336c430f1f3e78\"},\"potentialAction\":[{\"@type\":\"SearchAction\",\"target\":{\"@type\":\"EntryPoint\",\"urlTemplate\":\"https:\\\/\\\/sperrsitz.net\\\/?s={search_term_string}\"},\"query-input\":{\"@type\":\"PropertyValueSpecification\",\"valueRequired\":true,\"valueName\":\"search_term_string\"}}],\"inLanguage\":\"de\"},{\"@type\":[\"Person\",\"Organization\"],\"@id\":\"https:\\\/\\\/sperrsitz.net\\\/#\\\/schema\\\/person\\\/c3186daad093aa259c336c430f1f3e78\",\"name\":\"Stefan Kanis\",\"image\":{\"@type\":\"ImageObject\",\"inLanguage\":\"de\",\"@id\":\"https:\\\/\\\/secure.gravatar.com\\\/avatar\\\/b0feff0bc183a7e3ea2924fad583004078cc47ddae0ee8e37c029afb403a8649?s=96&d=mm&r=g\",\"url\":\"https:\\\/\\\/secure.gravatar.com\\\/avatar\\\/b0feff0bc183a7e3ea2924fad583004078cc47ddae0ee8e37c029afb403a8649?s=96&d=mm&r=g\",\"contentUrl\":\"https:\\\/\\\/secure.gravatar.com\\\/avatar\\\/b0feff0bc183a7e3ea2924fad583004078cc47ddae0ee8e37c029afb403a8649?s=96&d=mm&r=g\",\"caption\":\"Stefan Kanis\"},\"logo\":{\"@id\":\"https:\\\/\\\/secure.gravatar.com\\\/avatar\\\/b0feff0bc183a7e3ea2924fad583004078cc47ddae0ee8e37c029afb403a8649?s=96&d=mm&r=g\"},\"sameAs\":[\"https:\\\/\\\/de.wikipedia.org\\\/wiki\\\/Stefan_Kanis\"]}]}<\/script>\n<!-- \/ Yoast SEO plugin. -->","yoast_head_json":{"title":"Zugluft im Weltgef\u00fcge &#8211; Sperrsitz.net","description":"Benrath & B\u00f6hme ziehen gemeinsam eine Linie, die eine Kurve ist. Zum Anfang dessen, was wir \u00fcber uns wissen, item: \u00fcber Gott & die Welt.","robots":{"index":"index","follow":"follow","max-snippet":"max-snippet:-1","max-image-preview":"max-image-preview:large","max-video-preview":"max-video-preview:-1"},"canonical":"https:\/\/sperrsitz.net\/?p=4533","og_locale":"de_DE","og_type":"article","og_title":"Zugluft im Weltgef\u00fcge &#8211; Sperrsitz.net","og_description":"Benrath & B\u00f6hme ziehen gemeinsam eine Linie, die eine Kurve ist. Zum Anfang dessen, was wir \u00fcber uns wissen, item: \u00fcber Gott & die Welt.","og_url":"https:\/\/sperrsitz.net\/?p=4533","og_site_name":"Sperrsitz.net","article_published_time":"2024-11-11T15:41:48+00:00","article_modified_time":"2025-11-26T16:21:25+00:00","og_image":[{"width":768,"height":768,"url":"https:\/\/sperrsitz.net\/wp-content\/uploads\/Audio-Cover_Zugluft_quadrat_klein.jpg","type":"image\/jpeg"}],"author":"Stefan Kanis","twitter_card":"summary_large_image","twitter_misc":{"Verfasst von":"Stefan Kanis","Gesch\u00e4tzte Lesezeit":"4\u00a0Minuten"},"schema":{"@context":"https:\/\/schema.org","@graph":[{"@type":"Article","@id":"https:\/\/sperrsitz.net\/?p=4533#article","isPartOf":{"@id":"https:\/\/sperrsitz.net\/?p=4533"},"author":{"name":"Stefan Kanis","@id":"https:\/\/sperrsitz.net\/#\/schema\/person\/c3186daad093aa259c336c430f1f3e78"},"headline":"Zugluft im Weltgef\u00fcge","datePublished":"2024-11-11T15:41:48+00:00","dateModified":"2025-11-26T16:21:25+00:00","mainEntityOfPage":{"@id":"https:\/\/sperrsitz.net\/?p=4533"},"wordCount":666,"publisher":{"@id":"https:\/\/sperrsitz.net\/#\/schema\/person\/c3186daad093aa259c336c430f1f3e78"},"image":{"@id":"https:\/\/sperrsitz.net\/?p=4533#primaryimage"},"thumbnailUrl":"https:\/\/sperrsitz.net\/wp-content\/uploads\/Audio-Cover_Zugluft_quadrat_klein.jpg","keywords":["Jacob B\u00f6hme","Ruth Johanna Benrath"],"articleSection":["Allf\u00e4lliges"],"inLanguage":"de"},{"@type":"WebPage","@id":"https:\/\/sperrsitz.net\/?p=4533","url":"https:\/\/sperrsitz.net\/?p=4533","name":"Zugluft im Weltgef\u00fcge &#8211; Sperrsitz.net","isPartOf":{"@id":"https:\/\/sperrsitz.net\/#website"},"primaryImageOfPage":{"@id":"https:\/\/sperrsitz.net\/?p=4533#primaryimage"},"image":{"@id":"https:\/\/sperrsitz.net\/?p=4533#primaryimage"},"thumbnailUrl":"https:\/\/sperrsitz.net\/wp-content\/uploads\/Audio-Cover_Zugluft_quadrat_klein.jpg","datePublished":"2024-11-11T15:41:48+00:00","dateModified":"2025-11-26T16:21:25+00:00","description":"Benrath & B\u00f6hme ziehen gemeinsam eine Linie, die eine Kurve ist. Zum Anfang dessen, was wir \u00fcber uns wissen, item: \u00fcber Gott & die Welt.","breadcrumb":{"@id":"https:\/\/sperrsitz.net\/?p=4533#breadcrumb"},"inLanguage":"de","potentialAction":[{"@type":"ReadAction","target":["https:\/\/sperrsitz.net\/?p=4533"]}]},{"@type":"ImageObject","inLanguage":"de","@id":"https:\/\/sperrsitz.net\/?p=4533#primaryimage","url":"https:\/\/sperrsitz.net\/wp-content\/uploads\/Audio-Cover_Zugluft_quadrat_klein.jpg","contentUrl":"https:\/\/sperrsitz.net\/wp-content\/uploads\/Audio-Cover_Zugluft_quadrat_klein.jpg","width":768,"height":768,"caption":"Audiocover Zugluft im Weltgef\u00fcge (Rechte: MDR\/Eva Gaeding)"},{"@type":"BreadcrumbList","@id":"https:\/\/sperrsitz.net\/?p=4533#breadcrumb","itemListElement":[{"@type":"ListItem","position":1,"name":"Home","item":"https:\/\/sperrsitz.net\/"},{"@type":"ListItem","position":2,"name":"Zugluft im Weltgef\u00fcge"}]},{"@type":"WebSite","@id":"https:\/\/sperrsitz.net\/#website","url":"https:\/\/sperrsitz.net\/","name":"Sperrsitz.net","description":"Stefan Kanis | Radioregie und Allf\u00e4lliges.","publisher":{"@id":"https:\/\/sperrsitz.net\/#\/schema\/person\/c3186daad093aa259c336c430f1f3e78"},"potentialAction":[{"@type":"SearchAction","target":{"@type":"EntryPoint","urlTemplate":"https:\/\/sperrsitz.net\/?s={search_term_string}"},"query-input":{"@type":"PropertyValueSpecification","valueRequired":true,"valueName":"search_term_string"}}],"inLanguage":"de"},{"@type":["Person","Organization"],"@id":"https:\/\/sperrsitz.net\/#\/schema\/person\/c3186daad093aa259c336c430f1f3e78","name":"Stefan Kanis","image":{"@type":"ImageObject","inLanguage":"de","@id":"https:\/\/secure.gravatar.com\/avatar\/b0feff0bc183a7e3ea2924fad583004078cc47ddae0ee8e37c029afb403a8649?s=96&d=mm&r=g","url":"https:\/\/secure.gravatar.com\/avatar\/b0feff0bc183a7e3ea2924fad583004078cc47ddae0ee8e37c029afb403a8649?s=96&d=mm&r=g","contentUrl":"https:\/\/secure.gravatar.com\/avatar\/b0feff0bc183a7e3ea2924fad583004078cc47ddae0ee8e37c029afb403a8649?s=96&d=mm&r=g","caption":"Stefan Kanis"},"logo":{"@id":"https:\/\/secure.gravatar.com\/avatar\/b0feff0bc183a7e3ea2924fad583004078cc47ddae0ee8e37c029afb403a8649?s=96&d=mm&r=g"},"sameAs":["https:\/\/de.wikipedia.org\/wiki\/Stefan_Kanis"]}]}},"_links":{"self":[{"href":"https:\/\/sperrsitz.net\/index.php?rest_route=\/wp\/v2\/posts\/4533","targetHints":{"allow":["GET"]}}],"collection":[{"href":"https:\/\/sperrsitz.net\/index.php?rest_route=\/wp\/v2\/posts"}],"about":[{"href":"https:\/\/sperrsitz.net\/index.php?rest_route=\/wp\/v2\/types\/post"}],"author":[{"embeddable":true,"href":"https:\/\/sperrsitz.net\/index.php?rest_route=\/wp\/v2\/users\/1"}],"replies":[{"embeddable":true,"href":"https:\/\/sperrsitz.net\/index.php?rest_route=%2Fwp%2Fv2%2Fcomments&post=4533"}],"version-history":[{"count":23,"href":"https:\/\/sperrsitz.net\/index.php?rest_route=\/wp\/v2\/posts\/4533\/revisions"}],"predecessor-version":[{"id":4574,"href":"https:\/\/sperrsitz.net\/index.php?rest_route=\/wp\/v2\/posts\/4533\/revisions\/4574"}],"wp:featuredmedia":[{"embeddable":true,"href":"https:\/\/sperrsitz.net\/index.php?rest_route=\/wp\/v2\/media\/4536"}],"wp:attachment":[{"href":"https:\/\/sperrsitz.net\/index.php?rest_route=%2Fwp%2Fv2%2Fmedia&parent=4533"}],"wp:term":[{"taxonomy":"category","embeddable":true,"href":"https:\/\/sperrsitz.net\/index.php?rest_route=%2Fwp%2Fv2%2Fcategories&post=4533"},{"taxonomy":"post_tag","embeddable":true,"href":"https:\/\/sperrsitz.net\/index.php?rest_route=%2Fwp%2Fv2%2Ftags&post=4533"}],"curies":[{"name":"wp","href":"https:\/\/api.w.org\/{rel}","templated":true}]}}