{"id":4085,"date":"2020-09-14T21:09:18","date_gmt":"2020-09-14T19:09:18","guid":{"rendered":"https:\/\/sperrsitz.net\/?p=4085"},"modified":"2023-01-06T16:31:27","modified_gmt":"2023-01-06T15:31:27","slug":"westend","status":"publish","type":"post","link":"https:\/\/sperrsitz.net\/?p=4085","title":{"rendered":"Westend"},"content":{"rendered":"<h3>&#8222;Mein Gott, Das waren noch Zeiten, als man im &#8218;Tipp&#8216; inserierte!&#8220;<\/h3>\n<p class=\"audio_abstand\"><a id=\"mbmaplayer_1541960212418\" class=\"mb_map {skin:'black', animate:true, width:'50%', volume:0.4, autoplay:false, loop:false, showVolumeLevel:true, showTime:true, allowMute:true, showRew:true, addGradientOverlay:true, downloadable:false, downloadablesecurity:false, id3: false}\" href=\"https:\/\/sperrsitz.net\/wp-content\/uploads\/audio\/Westend_ausschnitt.mp3\">Ausschnitt aus \u00bbWestend\u00ab<\/a><\/p>\n<p><a title=\"Ulrich Matthes bei Aufnahmen zu 'Westend' (Foto: MDR\/0laf Parusel)\" href=\"https:\/\/sperrsitz.net\/wp-content\/uploads\/Ulrich-Matthes-bei-Aufnahmen-zur-H\u00f6rspielproduktion-WESTEND-im-Funkhaus-Halle-MDR_Parusel_klein.jpg\"><img loading=\"lazy\" decoding=\"async\" class=\"alignleft wp-image-4091 size-medium\" src=\"https:\/\/sperrsitz.net\/wp-content\/uploads\/Ulrich-Matthes-bei-Aufnahmen-zur-H\u00f6rspielproduktion-WESTEND-im-Funkhaus-Halle-MDR_Parusel_klein-300x200.jpg\" alt=\"Ulrich Matthes in der Rolle des Eduard w\u00e4hrend der Aufnahmen\" width=\"300\" height=\"200\" srcset=\"https:\/\/sperrsitz.net\/wp-content\/uploads\/Ulrich-Matthes-bei-Aufnahmen-zur-H\u00f6rspielproduktion-WESTEND-im-Funkhaus-Halle-MDR_Parusel_klein-300x200.jpg 300w, https:\/\/sperrsitz.net\/wp-content\/uploads\/Ulrich-Matthes-bei-Aufnahmen-zur-H\u00f6rspielproduktion-WESTEND-im-Funkhaus-Halle-MDR_Parusel_klein-768x512.jpg 768w, https:\/\/sperrsitz.net\/wp-content\/uploads\/Ulrich-Matthes-bei-Aufnahmen-zur-H\u00f6rspielproduktion-WESTEND-im-Funkhaus-Halle-MDR_Parusel_klein-1024x683.jpg 1024w, https:\/\/sperrsitz.net\/wp-content\/uploads\/Ulrich-Matthes-bei-Aufnahmen-zur-H\u00f6rspielproduktion-WESTEND-im-Funkhaus-Halle-MDR_Parusel_klein.jpg 1336w\" sizes=\"auto, (max-width: 300px) 100vw, 300px\" \/><\/a><strong>Westend<\/strong> H\u00f6rspiel nach dem Theaterst\u00fcck von <a href=\"https:\/\/de.wikipedia.org\/wiki\/Moritz_Rinke\" target=\"_blank\" rel=\"noopener\">Moritz Rinke<\/a><br \/>\n<strong>Mit<\/strong> <a href=\"https:\/\/de.wikipedia.org\/wiki\/Ulrich_Matthes\" target=\"_blank\" rel=\"noopener\">Ulrich Matthes<\/a>, <a href=\"https:\/\/de.wikipedia.org\/wiki\/Anja_Schneider_(Schauspielerin)\" target=\"_blank\" rel=\"noopener\">Anja Schneider<\/a>, <a href=\"https:\/\/de.wikipedia.org\/wiki\/Linn_Reusse\" target=\"_blank\" rel=\"noopener\">Linn Reusse<\/a> und <a href=\"https:\/\/de.wikipedia.org\/wiki\/Felix_Goeser\" target=\"_blank\" rel=\"noopener\">Felix Goeser<\/a> <strong>Komposition<\/strong> <a href=\"http:\/\/www.koenig-hinze.de\/\" target=\"_blank\" rel=\"noopener\">Michael Hinze<\/a> <strong>Ton<\/strong> Holger K\u00f6nig <strong>Schnitt<\/strong> Christian Grund <strong>H\u00f6rspielbearbeitung \/ Regie<\/strong> Stefan Kanis (Erstendung: MDR KULTUR, 14.9.2020)<\/p>\n<h4>Inhalt | <a href=\"https:\/\/sperrsitz.net\/?p=4085#presse\">Presse<\/a><\/h4>\n<div class=\"sstyle\">Eduard und Michael haben gemeinsam in den 1990er Jahren Medizin studiert, waren dicke Freunde, bis sich ihre Wege trennten. Eduard bet\u00e4ubt heute als Sch\u00f6nheitschirurg die Angst seiner Klientinnen, alt und wertlos zu sein. Michael kommt aus Afghanistan zur\u00fcck, er arbeitet f\u00fcr eine humanit\u00e4re Organisation; was er mitbringt, sind Geschichten von Gewalt und sinnlosem Sterben. Welten prallen aufeinander, als sich Eduard und Michael wiedersehen &#8211; nicht nur politisch, sondern auch privat. Denn Eduard hat mittlerweile Charlotte geheiratet, die davor mit Michael zusammen war. Erneut ist Charlotte zwischen den grundverschiedenen M\u00e4nnern hin- und hergerissen, ihr Kampf um Selbstbestimmung m\u00fcsste einen radikalen Neubeginn einschlie\u00dfen. Kann sie ihn durchsetzen?<!--more--><br \/>\n<a title=\"Anja Schneider in der Rolle der Charlotte (Foto: MDR\/Marco Prosch)\" href=\"https:\/\/sperrsitz.net\/wp-content\/uploads\/Schneider.jpg\"><img loading=\"lazy\" decoding=\"async\" class=\"size-medium wp-image-4092 alignleft\" style=\"margin: 1.5em 1.5em 1.5em 0em;\" src=\"https:\/\/sperrsitz.net\/wp-content\/uploads\/Schneider-200x300.jpg\" alt=\"Anja Schneider in der Rolle der Charlotte (Foto: MDR\/Marco Prosch)\" width=\"200\" height=\"300\" srcset=\"https:\/\/sperrsitz.net\/wp-content\/uploads\/Schneider-200x300.jpg 200w, https:\/\/sperrsitz.net\/wp-content\/uploads\/Schneider.jpg 480w\" sizes=\"auto, (max-width: 200px) 100vw, 200px\" \/><\/a><\/div>\n<div class=\"sstyle\">So komfortabel ihr Leben in dem Haus ist, das sie und Eduard sich gerade im Berliner Westen gekauft haben, so unerf\u00fcllt und vor allem kinderlos ist es geblieben. Auch ihre Karriere als S\u00e4ngerin stagniert, das ausstehende Comeback als Solistin in Haydns \u201eSch\u00f6pfung\u201c soll den beruflichen Neustart bringen. Und dann ist da noch Lilly, die junge Nachbarin, ebenfalls Medizinstudentin, in deren unbefangene Direktheit sich wiederum Eduard verliebt.<br \/>\nAuf der Folie von Goethes \u201eWahlverwandtschaften\u201c ruft Moritz Rinke &#8211; nicht ohne Ironie &#8211; noch einmal die Stellungskriege der alten Welt auf. Klassische Rollenbilder, der sichere Hafen emotionaler Verl\u00e4sslichkeit und ritualisierte Konflikte helfen den Protagonisten durch den Tag. Doch es ist nicht ausgemacht, dass die Welt von gestern nicht unterm <a title=\"Linn Reusse bei Leseproben zur Rolle der Lilly f\u00fcr die H\u00f6rspielproduktion &quot;Westend&quot; (Foto: MDR\/Parusel)\" href=\"https:\/\/sperrsitz.net\/wp-content\/uploads\/Linn-Reusse-bei-Leseproben-zur-H\u00f6rspielproduktion-WESTEND-im-Funkhaus-Halle-MDR_Parusel_klein-1.jpg\"><img loading=\"lazy\" decoding=\"async\" class=\"alignright wp-image-4164 size-medium\" style=\"margin: 1.5em 0em 1.5em 1.5em;\" src=\"https:\/\/sperrsitz.net\/wp-content\/uploads\/Linn-Reusse-bei-Leseproben-zur-H\u00f6rspielproduktion-WESTEND-im-Funkhaus-Halle-MDR_Parusel_klein-1-300x200.jpg\" alt=\"Linn Reusse bei Leseproben zur Rolle der Lilly f\u00fcr die H\u00f6rspielproduktion &quot;Westend&quot; (Foto: MDR\/Parusel)\" width=\"300\" height=\"200\" srcset=\"https:\/\/sperrsitz.net\/wp-content\/uploads\/Linn-Reusse-bei-Leseproben-zur-H\u00f6rspielproduktion-WESTEND-im-Funkhaus-Halle-MDR_Parusel_klein-1-300x200.jpg 300w, https:\/\/sperrsitz.net\/wp-content\/uploads\/Linn-Reusse-bei-Leseproben-zur-H\u00f6rspielproduktion-WESTEND-im-Funkhaus-Halle-MDR_Parusel_klein-1-768x512.jpg 768w, https:\/\/sperrsitz.net\/wp-content\/uploads\/Linn-Reusse-bei-Leseproben-zur-H\u00f6rspielproduktion-WESTEND-im-Funkhaus-Halle-MDR_Parusel_klein-1-1024x683.jpg 1024w, https:\/\/sperrsitz.net\/wp-content\/uploads\/Linn-Reusse-bei-Leseproben-zur-H\u00f6rspielproduktion-WESTEND-im-Funkhaus-Halle-MDR_Parusel_klein-1.jpg 1498w\" sizes=\"auto, (max-width: 300px) 100vw, 300px\" \/><\/a>Strich die bessere gewesen sein wird. So steht man im Westend vor einem zitternden Remis: Es gilt, die solide Gegenwart ins Unendliche zu verl\u00e4ngern, da taugt die die erinnerte Jugend nur mehr f\u00fcr Sentimentalit\u00e4ten &#8211; oder um mit Eduard zu sprechen: \u201eMein Gott, das waren noch Zeiten, als man im \u201aTipp\u2018 inserierte!\u201c.<\/div>\n<p>&nbsp;<br \/>\n<strong>Moritz Rinke<\/strong>, *1967 in Worpswede, studierte Angewandte Theaterwissenschaft in Gie\u00dfen. Er schrieb Kolumnen und Reportagen, u. a. f\u00fcr die \u201eS\u00fcddeutsche Zeitung\u201c, die \u201eFrankfurter Allgemeine Zeitung\u201c, \u201eDie Zeit\u201c und \u201eTheater heute\u201c. F\u00fcr seine Reportagen \u201eEin Tag mit Marlene\u201c (1995) und \u00fcber die Love Parade (1997) erhielt er jeweils den renommierten Axel-Springer-Preis. Mehrere seiner St\u00fccke wurden f\u00fcr den M\u00fclheimer Dramatikerpreis nominiert. In der Kritikerumfrage der Zeitschrift Theater heute wurde \u201eRepublik Vineta\u201c zum besten deutschsprachigen St\u00fcck der Spielzeit 2000\/2001 gew\u00e4hlt. 2010 erschien sein Roman \u201eDer Mann, der durch das Jahrhundert fiel\u201c. \u201eWestend\u201c wurde 2018 am Deutschen Theater Berlin uraufgef\u00fchrt.<\/p>\n<h4 id=\"presse\">Presse<\/h4>\n<p class=\"sstyle\">&#8222;&#8230; Leichthin reden die beiden Hauptpersonen \u00fcber Schwerwiegendes. Dabei treffen Sprecher und Sprecherin Zwischent\u00f6ne und Rhythmus von Rinkes Dialogen. Tonangebend ist Ulrich Matthes als Eduard, ein Schw\u00e4rmer, der professionell wie privat sein Talent zur Retusche kultiviert, wenn er sich \u00fcber Charlottes Skepsis, \u00fcber seine eigene Vorgeschichte, Ambivalenzen und Abgr\u00fcnde hinwegmogelt. Der Regisseur Stefan Kanis, der in seiner akustischen Version des Theaterst\u00fccks klug zwei Nebenfiguren wegl\u00e4sst, spielt genau die Nuancen der Dialoge der Hauptpersonen aus. So erreicht er hier von Anfang bis Ende eine bewegte Intensit\u00e4t&#8230;&#8220; (Eva-Maria Lenz in &#8222;epd medien&#8220; v. 18.09.2020)<\/p>\n","protected":false},"excerpt":{"rendered":"<p>&#8222;Mein Gott, Das waren noch Zeiten, als man im &#8218;Tipp&#8216; inserierte!&#8220; Ausschnitt aus \u00bbWestend\u00ab Westend H\u00f6rspiel nach dem Theaterst\u00fcck von Moritz Rinke Mit Ulrich Matthes, Anja Schneider, Linn Reusse und Felix Goeser Komposition Michael Hinze Ton Holger K\u00f6nig Schnitt Christian &hellip; <a href=\"https:\/\/sperrsitz.net\/?p=4085\">Weiterlesen <span class=\"meta-nav\">&rarr;<\/span><\/a><\/p>\n","protected":false},"author":1,"featured_media":4091,"comment_status":"closed","ping_status":"open","sticky":false,"template":"","format":"standard","meta":{"ngg_post_thumbnail":0,"footnotes":""},"categories":[21],"tags":[408],"class_list":["post-4085","post","type-post","status-publish","format-standard","has-post-thumbnail","hentry","category-furs-radio","tag-moritz-rinke"],"yoast_head":"<!-- This site is optimized with the Yoast SEO plugin v27.5 - https:\/\/yoast.com\/product\/yoast-seo-wordpress\/ -->\n<title>Westend &#8211; Sperrsitz.net<\/title>\n<meta name=\"description\" content=\"&quot;... Leichthin reden die beiden Hauptpersonen \u00fcber Schwerwiegendes. Dabei treffen Sprecher und Sprecherin Zwischent\u00f6ne und Rhythmus von Rinkes Dialogen.&quot;\" \/>\n<meta name=\"robots\" content=\"index, follow, max-snippet:-1, max-image-preview:large, max-video-preview:-1\" \/>\n<link rel=\"canonical\" href=\"https:\/\/sperrsitz.net\/?p=4085\" \/>\n<meta property=\"og:locale\" content=\"de_DE\" \/>\n<meta property=\"og:type\" content=\"article\" \/>\n<meta property=\"og:title\" content=\"Westend &#8211; Sperrsitz.net\" \/>\n<meta property=\"og:description\" content=\"&quot;... Leichthin reden die beiden Hauptpersonen \u00fcber Schwerwiegendes. Dabei treffen Sprecher und Sprecherin Zwischent\u00f6ne und Rhythmus von Rinkes Dialogen.&quot;\" \/>\n<meta property=\"og:url\" content=\"https:\/\/sperrsitz.net\/?p=4085\" \/>\n<meta property=\"og:site_name\" content=\"Sperrsitz.net\" \/>\n<meta property=\"article:published_time\" content=\"2020-09-14T19:09:18+00:00\" \/>\n<meta property=\"article:modified_time\" content=\"2023-01-06T15:31:27+00:00\" \/>\n<meta property=\"og:image\" content=\"https:\/\/sperrsitz.net\/wp-content\/uploads\/Ulrich-Matthes-bei-Aufnahmen-zur-H\u00f6rspielproduktion-WESTEND-im-Funkhaus-Halle-MDR_Parusel_klein.jpg\" \/>\n\t<meta property=\"og:image:width\" content=\"1336\" \/>\n\t<meta property=\"og:image:height\" content=\"891\" \/>\n\t<meta property=\"og:image:type\" content=\"image\/jpeg\" \/>\n<meta name=\"author\" content=\"Stefan Kanis\" \/>\n<meta name=\"twitter:card\" content=\"summary_large_image\" \/>\n<meta name=\"twitter:label1\" content=\"Verfasst von\" \/>\n\t<meta name=\"twitter:data1\" content=\"Stefan Kanis\" \/>\n\t<meta name=\"twitter:label2\" content=\"Gesch\u00e4tzte Lesezeit\" \/>\n\t<meta name=\"twitter:data2\" content=\"4\u00a0Minuten\" \/>\n<script type=\"application\/ld+json\" class=\"yoast-schema-graph\">{\"@context\":\"https:\\\/\\\/schema.org\",\"@graph\":[{\"@type\":\"Article\",\"@id\":\"https:\\\/\\\/sperrsitz.net\\\/?p=4085#article\",\"isPartOf\":{\"@id\":\"https:\\\/\\\/sperrsitz.net\\\/?p=4085\"},\"author\":{\"name\":\"Stefan Kanis\",\"@id\":\"https:\\\/\\\/sperrsitz.net\\\/#\\\/schema\\\/person\\\/c3186daad093aa259c336c430f1f3e78\"},\"headline\":\"Westend\",\"datePublished\":\"2020-09-14T19:09:18+00:00\",\"dateModified\":\"2023-01-06T15:31:27+00:00\",\"mainEntityOfPage\":{\"@id\":\"https:\\\/\\\/sperrsitz.net\\\/?p=4085\"},\"wordCount\":541,\"publisher\":{\"@id\":\"https:\\\/\\\/sperrsitz.net\\\/#\\\/schema\\\/person\\\/c3186daad093aa259c336c430f1f3e78\"},\"image\":{\"@id\":\"https:\\\/\\\/sperrsitz.net\\\/?p=4085#primaryimage\"},\"thumbnailUrl\":\"https:\\\/\\\/sperrsitz.net\\\/wp-content\\\/uploads\\\/Ulrich-Matthes-bei-Aufnahmen-zur-H\u00f6rspielproduktion-WESTEND-im-Funkhaus-Halle-MDR_Parusel_klein.jpg\",\"keywords\":[\"Moritz Rinke\"],\"articleSection\":[\"Radioarbeiten\"],\"inLanguage\":\"de\"},{\"@type\":\"WebPage\",\"@id\":\"https:\\\/\\\/sperrsitz.net\\\/?p=4085\",\"url\":\"https:\\\/\\\/sperrsitz.net\\\/?p=4085\",\"name\":\"Westend &#8211; Sperrsitz.net\",\"isPartOf\":{\"@id\":\"https:\\\/\\\/sperrsitz.net\\\/#website\"},\"primaryImageOfPage\":{\"@id\":\"https:\\\/\\\/sperrsitz.net\\\/?p=4085#primaryimage\"},\"image\":{\"@id\":\"https:\\\/\\\/sperrsitz.net\\\/?p=4085#primaryimage\"},\"thumbnailUrl\":\"https:\\\/\\\/sperrsitz.net\\\/wp-content\\\/uploads\\\/Ulrich-Matthes-bei-Aufnahmen-zur-H\u00f6rspielproduktion-WESTEND-im-Funkhaus-Halle-MDR_Parusel_klein.jpg\",\"datePublished\":\"2020-09-14T19:09:18+00:00\",\"dateModified\":\"2023-01-06T15:31:27+00:00\",\"description\":\"\\\"... Leichthin reden die beiden Hauptpersonen \u00fcber Schwerwiegendes. Dabei treffen Sprecher und Sprecherin Zwischent\u00f6ne und Rhythmus von Rinkes Dialogen.\\\"\",\"breadcrumb\":{\"@id\":\"https:\\\/\\\/sperrsitz.net\\\/?p=4085#breadcrumb\"},\"inLanguage\":\"de\",\"potentialAction\":[{\"@type\":\"ReadAction\",\"target\":[\"https:\\\/\\\/sperrsitz.net\\\/?p=4085\"]}]},{\"@type\":\"ImageObject\",\"inLanguage\":\"de\",\"@id\":\"https:\\\/\\\/sperrsitz.net\\\/?p=4085#primaryimage\",\"url\":\"https:\\\/\\\/sperrsitz.net\\\/wp-content\\\/uploads\\\/Ulrich-Matthes-bei-Aufnahmen-zur-H\u00f6rspielproduktion-WESTEND-im-Funkhaus-Halle-MDR_Parusel_klein.jpg\",\"contentUrl\":\"https:\\\/\\\/sperrsitz.net\\\/wp-content\\\/uploads\\\/Ulrich-Matthes-bei-Aufnahmen-zur-H\u00f6rspielproduktion-WESTEND-im-Funkhaus-Halle-MDR_Parusel_klein.jpg\",\"width\":1336,\"height\":891,\"caption\":\"Ulrich Matthes in der Rolle des Eduard w\u00e4hrend der Aufnahmen\"},{\"@type\":\"BreadcrumbList\",\"@id\":\"https:\\\/\\\/sperrsitz.net\\\/?p=4085#breadcrumb\",\"itemListElement\":[{\"@type\":\"ListItem\",\"position\":1,\"name\":\"Home\",\"item\":\"https:\\\/\\\/sperrsitz.net\\\/\"},{\"@type\":\"ListItem\",\"position\":2,\"name\":\"Westend\"}]},{\"@type\":\"WebSite\",\"@id\":\"https:\\\/\\\/sperrsitz.net\\\/#website\",\"url\":\"https:\\\/\\\/sperrsitz.net\\\/\",\"name\":\"Sperrsitz.net\",\"description\":\"Stefan Kanis | Radioregie und Allf\u00e4lliges.\",\"publisher\":{\"@id\":\"https:\\\/\\\/sperrsitz.net\\\/#\\\/schema\\\/person\\\/c3186daad093aa259c336c430f1f3e78\"},\"potentialAction\":[{\"@type\":\"SearchAction\",\"target\":{\"@type\":\"EntryPoint\",\"urlTemplate\":\"https:\\\/\\\/sperrsitz.net\\\/?s={search_term_string}\"},\"query-input\":{\"@type\":\"PropertyValueSpecification\",\"valueRequired\":true,\"valueName\":\"search_term_string\"}}],\"inLanguage\":\"de\"},{\"@type\":[\"Person\",\"Organization\"],\"@id\":\"https:\\\/\\\/sperrsitz.net\\\/#\\\/schema\\\/person\\\/c3186daad093aa259c336c430f1f3e78\",\"name\":\"Stefan Kanis\",\"image\":{\"@type\":\"ImageObject\",\"inLanguage\":\"de\",\"@id\":\"https:\\\/\\\/secure.gravatar.com\\\/avatar\\\/b0feff0bc183a7e3ea2924fad583004078cc47ddae0ee8e37c029afb403a8649?s=96&d=mm&r=g\",\"url\":\"https:\\\/\\\/secure.gravatar.com\\\/avatar\\\/b0feff0bc183a7e3ea2924fad583004078cc47ddae0ee8e37c029afb403a8649?s=96&d=mm&r=g\",\"contentUrl\":\"https:\\\/\\\/secure.gravatar.com\\\/avatar\\\/b0feff0bc183a7e3ea2924fad583004078cc47ddae0ee8e37c029afb403a8649?s=96&d=mm&r=g\",\"caption\":\"Stefan Kanis\"},\"logo\":{\"@id\":\"https:\\\/\\\/secure.gravatar.com\\\/avatar\\\/b0feff0bc183a7e3ea2924fad583004078cc47ddae0ee8e37c029afb403a8649?s=96&d=mm&r=g\"},\"sameAs\":[\"https:\\\/\\\/de.wikipedia.org\\\/wiki\\\/Stefan_Kanis\"]}]}<\/script>\n<!-- \/ Yoast SEO plugin. -->","yoast_head_json":{"title":"Westend &#8211; Sperrsitz.net","description":"\"... Leichthin reden die beiden Hauptpersonen \u00fcber Schwerwiegendes. Dabei treffen Sprecher und Sprecherin Zwischent\u00f6ne und Rhythmus von Rinkes Dialogen.\"","robots":{"index":"index","follow":"follow","max-snippet":"max-snippet:-1","max-image-preview":"max-image-preview:large","max-video-preview":"max-video-preview:-1"},"canonical":"https:\/\/sperrsitz.net\/?p=4085","og_locale":"de_DE","og_type":"article","og_title":"Westend &#8211; Sperrsitz.net","og_description":"\"... Leichthin reden die beiden Hauptpersonen \u00fcber Schwerwiegendes. Dabei treffen Sprecher und Sprecherin Zwischent\u00f6ne und Rhythmus von Rinkes Dialogen.\"","og_url":"https:\/\/sperrsitz.net\/?p=4085","og_site_name":"Sperrsitz.net","article_published_time":"2020-09-14T19:09:18+00:00","article_modified_time":"2023-01-06T15:31:27+00:00","og_image":[{"width":1336,"height":891,"url":"https:\/\/sperrsitz.net\/wp-content\/uploads\/Ulrich-Matthes-bei-Aufnahmen-zur-H\u00f6rspielproduktion-WESTEND-im-Funkhaus-Halle-MDR_Parusel_klein.jpg","type":"image\/jpeg"}],"author":"Stefan Kanis","twitter_card":"summary_large_image","twitter_misc":{"Verfasst von":"Stefan Kanis","Gesch\u00e4tzte Lesezeit":"4\u00a0Minuten"},"schema":{"@context":"https:\/\/schema.org","@graph":[{"@type":"Article","@id":"https:\/\/sperrsitz.net\/?p=4085#article","isPartOf":{"@id":"https:\/\/sperrsitz.net\/?p=4085"},"author":{"name":"Stefan Kanis","@id":"https:\/\/sperrsitz.net\/#\/schema\/person\/c3186daad093aa259c336c430f1f3e78"},"headline":"Westend","datePublished":"2020-09-14T19:09:18+00:00","dateModified":"2023-01-06T15:31:27+00:00","mainEntityOfPage":{"@id":"https:\/\/sperrsitz.net\/?p=4085"},"wordCount":541,"publisher":{"@id":"https:\/\/sperrsitz.net\/#\/schema\/person\/c3186daad093aa259c336c430f1f3e78"},"image":{"@id":"https:\/\/sperrsitz.net\/?p=4085#primaryimage"},"thumbnailUrl":"https:\/\/sperrsitz.net\/wp-content\/uploads\/Ulrich-Matthes-bei-Aufnahmen-zur-H\u00f6rspielproduktion-WESTEND-im-Funkhaus-Halle-MDR_Parusel_klein.jpg","keywords":["Moritz Rinke"],"articleSection":["Radioarbeiten"],"inLanguage":"de"},{"@type":"WebPage","@id":"https:\/\/sperrsitz.net\/?p=4085","url":"https:\/\/sperrsitz.net\/?p=4085","name":"Westend &#8211; Sperrsitz.net","isPartOf":{"@id":"https:\/\/sperrsitz.net\/#website"},"primaryImageOfPage":{"@id":"https:\/\/sperrsitz.net\/?p=4085#primaryimage"},"image":{"@id":"https:\/\/sperrsitz.net\/?p=4085#primaryimage"},"thumbnailUrl":"https:\/\/sperrsitz.net\/wp-content\/uploads\/Ulrich-Matthes-bei-Aufnahmen-zur-H\u00f6rspielproduktion-WESTEND-im-Funkhaus-Halle-MDR_Parusel_klein.jpg","datePublished":"2020-09-14T19:09:18+00:00","dateModified":"2023-01-06T15:31:27+00:00","description":"\"... Leichthin reden die beiden Hauptpersonen \u00fcber Schwerwiegendes. Dabei treffen Sprecher und Sprecherin Zwischent\u00f6ne und Rhythmus von Rinkes Dialogen.\"","breadcrumb":{"@id":"https:\/\/sperrsitz.net\/?p=4085#breadcrumb"},"inLanguage":"de","potentialAction":[{"@type":"ReadAction","target":["https:\/\/sperrsitz.net\/?p=4085"]}]},{"@type":"ImageObject","inLanguage":"de","@id":"https:\/\/sperrsitz.net\/?p=4085#primaryimage","url":"https:\/\/sperrsitz.net\/wp-content\/uploads\/Ulrich-Matthes-bei-Aufnahmen-zur-H\u00f6rspielproduktion-WESTEND-im-Funkhaus-Halle-MDR_Parusel_klein.jpg","contentUrl":"https:\/\/sperrsitz.net\/wp-content\/uploads\/Ulrich-Matthes-bei-Aufnahmen-zur-H\u00f6rspielproduktion-WESTEND-im-Funkhaus-Halle-MDR_Parusel_klein.jpg","width":1336,"height":891,"caption":"Ulrich Matthes in der Rolle des Eduard w\u00e4hrend der Aufnahmen"},{"@type":"BreadcrumbList","@id":"https:\/\/sperrsitz.net\/?p=4085#breadcrumb","itemListElement":[{"@type":"ListItem","position":1,"name":"Home","item":"https:\/\/sperrsitz.net\/"},{"@type":"ListItem","position":2,"name":"Westend"}]},{"@type":"WebSite","@id":"https:\/\/sperrsitz.net\/#website","url":"https:\/\/sperrsitz.net\/","name":"Sperrsitz.net","description":"Stefan Kanis | Radioregie und Allf\u00e4lliges.","publisher":{"@id":"https:\/\/sperrsitz.net\/#\/schema\/person\/c3186daad093aa259c336c430f1f3e78"},"potentialAction":[{"@type":"SearchAction","target":{"@type":"EntryPoint","urlTemplate":"https:\/\/sperrsitz.net\/?s={search_term_string}"},"query-input":{"@type":"PropertyValueSpecification","valueRequired":true,"valueName":"search_term_string"}}],"inLanguage":"de"},{"@type":["Person","Organization"],"@id":"https:\/\/sperrsitz.net\/#\/schema\/person\/c3186daad093aa259c336c430f1f3e78","name":"Stefan Kanis","image":{"@type":"ImageObject","inLanguage":"de","@id":"https:\/\/secure.gravatar.com\/avatar\/b0feff0bc183a7e3ea2924fad583004078cc47ddae0ee8e37c029afb403a8649?s=96&d=mm&r=g","url":"https:\/\/secure.gravatar.com\/avatar\/b0feff0bc183a7e3ea2924fad583004078cc47ddae0ee8e37c029afb403a8649?s=96&d=mm&r=g","contentUrl":"https:\/\/secure.gravatar.com\/avatar\/b0feff0bc183a7e3ea2924fad583004078cc47ddae0ee8e37c029afb403a8649?s=96&d=mm&r=g","caption":"Stefan Kanis"},"logo":{"@id":"https:\/\/secure.gravatar.com\/avatar\/b0feff0bc183a7e3ea2924fad583004078cc47ddae0ee8e37c029afb403a8649?s=96&d=mm&r=g"},"sameAs":["https:\/\/de.wikipedia.org\/wiki\/Stefan_Kanis"]}]}},"_links":{"self":[{"href":"https:\/\/sperrsitz.net\/index.php?rest_route=\/wp\/v2\/posts\/4085","targetHints":{"allow":["GET"]}}],"collection":[{"href":"https:\/\/sperrsitz.net\/index.php?rest_route=\/wp\/v2\/posts"}],"about":[{"href":"https:\/\/sperrsitz.net\/index.php?rest_route=\/wp\/v2\/types\/post"}],"author":[{"embeddable":true,"href":"https:\/\/sperrsitz.net\/index.php?rest_route=\/wp\/v2\/users\/1"}],"replies":[{"embeddable":true,"href":"https:\/\/sperrsitz.net\/index.php?rest_route=%2Fwp%2Fv2%2Fcomments&post=4085"}],"version-history":[{"count":49,"href":"https:\/\/sperrsitz.net\/index.php?rest_route=\/wp\/v2\/posts\/4085\/revisions"}],"predecessor-version":[{"id":4479,"href":"https:\/\/sperrsitz.net\/index.php?rest_route=\/wp\/v2\/posts\/4085\/revisions\/4479"}],"wp:featuredmedia":[{"embeddable":true,"href":"https:\/\/sperrsitz.net\/index.php?rest_route=\/wp\/v2\/media\/4091"}],"wp:attachment":[{"href":"https:\/\/sperrsitz.net\/index.php?rest_route=%2Fwp%2Fv2%2Fmedia&parent=4085"}],"wp:term":[{"taxonomy":"category","embeddable":true,"href":"https:\/\/sperrsitz.net\/index.php?rest_route=%2Fwp%2Fv2%2Fcategories&post=4085"},{"taxonomy":"post_tag","embeddable":true,"href":"https:\/\/sperrsitz.net\/index.php?rest_route=%2Fwp%2Fv2%2Ftags&post=4085"}],"curies":[{"name":"wp","href":"https:\/\/api.w.org\/{rel}","templated":true}]}}