{"id":4030,"date":"2019-12-28T09:05:09","date_gmt":"2019-12-28T08:05:09","guid":{"rendered":"https:\/\/sperrsitz.net\/?p=4030"},"modified":"2020-01-08T06:44:40","modified_gmt":"2020-01-08T05:44:40","slug":"gerechtigkeit-fuer-das-aeh","status":"publish","type":"post","link":"https:\/\/sperrsitz.net\/?p=4030","title":{"rendered":"Gerechtigkeit f\u00fcr das &#8222;\u00c4h&#8220;"},"content":{"rendered":"<h3>Saboteure der Verst\u00e4ndigung<\/h3>\n<p class=\"audio_abstand\"><a id=\"mbmaplayer_1541960212418\" class=\"mb_map {skin:'black', animate:true, width:'50%', volume:0.4, autoplay:false, loop:false, showVolumeLevel:true, showTime:true, allowMute:true, showRew:true, addGradientOverlay:true, downloadable:false, downloadablesecurity:false, id3: false}\" href=\"https:\/\/sperrsitz.net\/wp-content\/uploads\/audio\/gerechtigkeit fuer das aeh_ausschnitt.mp3\">Ausschnitt aus \u00bbGerechtigkeit f\u00fcr das &#8222;\u00c4h&#8220;\u00ab<\/a><\/p>\n<p><strong><a href=\"https:\/\/sperrsitz.net\/wp-content\/uploads\/aeh_1.jpg\"><img loading=\"lazy\" decoding=\"async\" class=\"alignleft wp-image-4038 size-medium\" src=\"https:\/\/sperrsitz.net\/wp-content\/uploads\/aeh_1-300x185.jpg\" alt=\"\" width=\"300\" height=\"185\" srcset=\"https:\/\/sperrsitz.net\/wp-content\/uploads\/aeh_1-300x185.jpg 300w, https:\/\/sperrsitz.net\/wp-content\/uploads\/aeh_1.jpg 627w\" sizes=\"auto, (max-width: 300px) 100vw, 300px\" \/><\/a>Gerechtigkeit f\u00fcr das &#8218;\u00c4h&#8216;.<\/strong> Feature von J\u00f6rg Sobiella.<br \/>\n<strong>Mit:<\/strong> <a href=\"https:\/\/de.wikipedia.org\/wiki\/Bettina_Kurth\" target=\"_blank\" rel=\"noopener\">Bettina Kurth<\/a>, <a href=\"https:\/\/de.wikipedia.org\/wiki\/Ilja_Richter\" target=\"_blank\" rel=\"noopener\">Ilja Richter<\/a> und Axel Thielmann. <strong>Redaktion:<\/strong> Kathrin Aehnlich. <strong>Schnitt:<\/strong> Christian Grund. <strong>Ton:<\/strong> Andr\u00e9 L\u00fcer. <strong>Regie:<\/strong> Stefan Kanis<br \/>\n(Ursendung: MDR KULTUR\/rbb kultur, 28.12.2019)<\/p>\n<p class=\"sstyle\">Das &#8222;\u00c4h&#8220; ist ein Saboteur der Verst\u00e4ndigung. Es stellt sich irgendwo im Satz quer und behindert den Lauf der Worte und Gedanken. Klar, dass einem solchen kommunikativen St\u00f6renfried bisher kaum Beachtung geschenkt wurde. Hat sich ein Dichter oder Romanautor je f\u00fcr das &#8222;\u00c4h&#8220; interessiert, obwohl es wahre Gro\u00dfmeister des &#8222;\u00c4hs&#8220; gibt?<br \/>\nMehr als ein Vierteljahrhundert lang hat der Radioredakteur J\u00f6rg Sobiella nicht nur alle Versprecher, sondern auch alle &#8222;\u00c4hs&#8220; aus den O-T\u00f6nen f\u00fcr seine Beitr\u00e4ge getilgt. Die &#8222;\u00c4hs&#8220; st\u00f6rten den Redefluss der O-Ton-Geber und sie beanspruchten Zeit, die in einem Beitrag von drei oder vier Minuten immer kostbar ist. Jetzt, am Ende seiner beruflichen Laufbahn, m\u00f6chte er den verachteten &#8222;\u00c4hs&#8220; Gerechtigkeit widerfahren lassen.<\/p>\n","protected":false},"excerpt":{"rendered":"<p>Saboteure der Verst\u00e4ndigung Ausschnitt aus \u00bbGerechtigkeit f\u00fcr das &#8222;\u00c4h&#8220;\u00ab Gerechtigkeit f\u00fcr das &#8218;\u00c4h&#8216;. Feature von J\u00f6rg Sobiella. Mit: Bettina Kurth, Ilja Richter und Axel Thielmann. Redaktion: Kathrin Aehnlich. Schnitt: Christian Grund. Ton: Andr\u00e9 L\u00fcer. Regie: Stefan Kanis (Ursendung: MDR KULTUR\/rbb &hellip; <a href=\"https:\/\/sperrsitz.net\/?p=4030\">Weiterlesen <span class=\"meta-nav\">&rarr;<\/span><\/a><\/p>\n","protected":false},"author":1,"featured_media":4031,"comment_status":"closed","ping_status":"open","sticky":false,"template":"","format":"standard","meta":{"ngg_post_thumbnail":0,"footnotes":""},"categories":[21],"tags":[406],"class_list":["post-4030","post","type-post","status-publish","format-standard","has-post-thumbnail","hentry","category-furs-radio","tag-aeh"],"yoast_head":"<!-- This site is optimized with the Yoast SEO plugin v27.5 - https:\/\/yoast.com\/product\/yoast-seo-wordpress\/ -->\n<title>Gerechtigkeit f\u00fcr das &quot;\u00c4h&quot; &#8211; Sperrsitz.net<\/title>\n<meta name=\"robots\" content=\"index, follow, max-snippet:-1, max-image-preview:large, max-video-preview:-1\" \/>\n<link rel=\"canonical\" href=\"https:\/\/sperrsitz.net\/?p=4030\" \/>\n<meta property=\"og:locale\" content=\"de_DE\" \/>\n<meta property=\"og:type\" content=\"article\" \/>\n<meta property=\"og:title\" content=\"Gerechtigkeit f\u00fcr das &quot;\u00c4h&quot; &#8211; Sperrsitz.net\" \/>\n<meta property=\"og:description\" content=\"Saboteure der Verst\u00e4ndigung Ausschnitt aus \u00bbGerechtigkeit f\u00fcr das &#8222;\u00c4h&#8220;\u00ab Gerechtigkeit f\u00fcr das &#8218;\u00c4h&#8216;. Feature von J\u00f6rg Sobiella. Mit: Bettina Kurth, Ilja Richter und Axel Thielmann. Redaktion: Kathrin Aehnlich. Schnitt: Christian Grund. Ton: Andr\u00e9 L\u00fcer. Regie: Stefan Kanis (Ursendung: MDR KULTUR\/rbb &hellip; Weiterlesen &rarr;\" \/>\n<meta property=\"og:url\" content=\"https:\/\/sperrsitz.net\/?p=4030\" \/>\n<meta property=\"og:site_name\" content=\"Sperrsitz.net\" \/>\n<meta property=\"article:published_time\" content=\"2019-12-28T08:05:09+00:00\" \/>\n<meta property=\"article:modified_time\" content=\"2020-01-08T05:44:40+00:00\" \/>\n<meta property=\"og:image\" content=\"https:\/\/sperrsitz.net\/wp-content\/uploads\/aeh-e1578462266322.jpg\" \/>\n\t<meta property=\"og:image:width\" content=\"212\" \/>\n\t<meta property=\"og:image:height\" content=\"239\" \/>\n\t<meta property=\"og:image:type\" content=\"image\/jpeg\" \/>\n<meta name=\"author\" content=\"Stefan Kanis\" \/>\n<meta name=\"twitter:card\" content=\"summary_large_image\" \/>\n<meta name=\"twitter:label1\" content=\"Verfasst von\" \/>\n\t<meta name=\"twitter:data1\" content=\"Stefan Kanis\" \/>\n\t<meta name=\"twitter:label2\" content=\"Gesch\u00e4tzte Lesezeit\" \/>\n\t<meta name=\"twitter:data2\" content=\"1\u00a0Minute\" \/>\n<script type=\"application\/ld+json\" class=\"yoast-schema-graph\">{\"@context\":\"https:\\\/\\\/schema.org\",\"@graph\":[{\"@type\":\"Article\",\"@id\":\"https:\\\/\\\/sperrsitz.net\\\/?p=4030#article\",\"isPartOf\":{\"@id\":\"https:\\\/\\\/sperrsitz.net\\\/?p=4030\"},\"author\":{\"name\":\"Stefan Kanis\",\"@id\":\"https:\\\/\\\/sperrsitz.net\\\/#\\\/schema\\\/person\\\/c3186daad093aa259c336c430f1f3e78\"},\"headline\":\"Gerechtigkeit f\u00fcr das &#8222;\u00c4h&#8220;\",\"datePublished\":\"2019-12-28T08:05:09+00:00\",\"dateModified\":\"2020-01-08T05:44:40+00:00\",\"mainEntityOfPage\":{\"@id\":\"https:\\\/\\\/sperrsitz.net\\\/?p=4030\"},\"wordCount\":175,\"publisher\":{\"@id\":\"https:\\\/\\\/sperrsitz.net\\\/#\\\/schema\\\/person\\\/c3186daad093aa259c336c430f1f3e78\"},\"image\":{\"@id\":\"https:\\\/\\\/sperrsitz.net\\\/?p=4030#primaryimage\"},\"thumbnailUrl\":\"https:\\\/\\\/sperrsitz.net\\\/wp-content\\\/uploads\\\/aeh-e1578462266322.jpg\",\"keywords\":[\"\u00c4h\"],\"articleSection\":[\"Radioarbeiten\"],\"inLanguage\":\"de\"},{\"@type\":\"WebPage\",\"@id\":\"https:\\\/\\\/sperrsitz.net\\\/?p=4030\",\"url\":\"https:\\\/\\\/sperrsitz.net\\\/?p=4030\",\"name\":\"Gerechtigkeit f\u00fcr das \\\"\u00c4h\\\" &#8211; Sperrsitz.net\",\"isPartOf\":{\"@id\":\"https:\\\/\\\/sperrsitz.net\\\/#website\"},\"primaryImageOfPage\":{\"@id\":\"https:\\\/\\\/sperrsitz.net\\\/?p=4030#primaryimage\"},\"image\":{\"@id\":\"https:\\\/\\\/sperrsitz.net\\\/?p=4030#primaryimage\"},\"thumbnailUrl\":\"https:\\\/\\\/sperrsitz.net\\\/wp-content\\\/uploads\\\/aeh-e1578462266322.jpg\",\"datePublished\":\"2019-12-28T08:05:09+00:00\",\"dateModified\":\"2020-01-08T05:44:40+00:00\",\"breadcrumb\":{\"@id\":\"https:\\\/\\\/sperrsitz.net\\\/?p=4030#breadcrumb\"},\"inLanguage\":\"de\",\"potentialAction\":[{\"@type\":\"ReadAction\",\"target\":[\"https:\\\/\\\/sperrsitz.net\\\/?p=4030\"]}]},{\"@type\":\"ImageObject\",\"inLanguage\":\"de\",\"@id\":\"https:\\\/\\\/sperrsitz.net\\\/?p=4030#primaryimage\",\"url\":\"https:\\\/\\\/sperrsitz.net\\\/wp-content\\\/uploads\\\/aeh-e1578462266322.jpg\",\"contentUrl\":\"https:\\\/\\\/sperrsitz.net\\\/wp-content\\\/uploads\\\/aeh-e1578462266322.jpg\",\"width\":212,\"height\":239,\"caption\":\"\u00c4h\"},{\"@type\":\"BreadcrumbList\",\"@id\":\"https:\\\/\\\/sperrsitz.net\\\/?p=4030#breadcrumb\",\"itemListElement\":[{\"@type\":\"ListItem\",\"position\":1,\"name\":\"Home\",\"item\":\"https:\\\/\\\/sperrsitz.net\\\/\"},{\"@type\":\"ListItem\",\"position\":2,\"name\":\"Gerechtigkeit f\u00fcr das &#8222;\u00c4h&#8220;\"}]},{\"@type\":\"WebSite\",\"@id\":\"https:\\\/\\\/sperrsitz.net\\\/#website\",\"url\":\"https:\\\/\\\/sperrsitz.net\\\/\",\"name\":\"Sperrsitz.net\",\"description\":\"Stefan Kanis | Radioregie und Allf\u00e4lliges.\",\"publisher\":{\"@id\":\"https:\\\/\\\/sperrsitz.net\\\/#\\\/schema\\\/person\\\/c3186daad093aa259c336c430f1f3e78\"},\"potentialAction\":[{\"@type\":\"SearchAction\",\"target\":{\"@type\":\"EntryPoint\",\"urlTemplate\":\"https:\\\/\\\/sperrsitz.net\\\/?s={search_term_string}\"},\"query-input\":{\"@type\":\"PropertyValueSpecification\",\"valueRequired\":true,\"valueName\":\"search_term_string\"}}],\"inLanguage\":\"de\"},{\"@type\":[\"Person\",\"Organization\"],\"@id\":\"https:\\\/\\\/sperrsitz.net\\\/#\\\/schema\\\/person\\\/c3186daad093aa259c336c430f1f3e78\",\"name\":\"Stefan Kanis\",\"image\":{\"@type\":\"ImageObject\",\"inLanguage\":\"de\",\"@id\":\"https:\\\/\\\/secure.gravatar.com\\\/avatar\\\/b0feff0bc183a7e3ea2924fad583004078cc47ddae0ee8e37c029afb403a8649?s=96&d=mm&r=g\",\"url\":\"https:\\\/\\\/secure.gravatar.com\\\/avatar\\\/b0feff0bc183a7e3ea2924fad583004078cc47ddae0ee8e37c029afb403a8649?s=96&d=mm&r=g\",\"contentUrl\":\"https:\\\/\\\/secure.gravatar.com\\\/avatar\\\/b0feff0bc183a7e3ea2924fad583004078cc47ddae0ee8e37c029afb403a8649?s=96&d=mm&r=g\",\"caption\":\"Stefan Kanis\"},\"logo\":{\"@id\":\"https:\\\/\\\/secure.gravatar.com\\\/avatar\\\/b0feff0bc183a7e3ea2924fad583004078cc47ddae0ee8e37c029afb403a8649?s=96&d=mm&r=g\"},\"sameAs\":[\"https:\\\/\\\/de.wikipedia.org\\\/wiki\\\/Stefan_Kanis\"]}]}<\/script>\n<!-- \/ Yoast SEO plugin. -->","yoast_head_json":{"title":"Gerechtigkeit f\u00fcr das \"\u00c4h\" &#8211; Sperrsitz.net","robots":{"index":"index","follow":"follow","max-snippet":"max-snippet:-1","max-image-preview":"max-image-preview:large","max-video-preview":"max-video-preview:-1"},"canonical":"https:\/\/sperrsitz.net\/?p=4030","og_locale":"de_DE","og_type":"article","og_title":"Gerechtigkeit f\u00fcr das \"\u00c4h\" &#8211; Sperrsitz.net","og_description":"Saboteure der Verst\u00e4ndigung Ausschnitt aus \u00bbGerechtigkeit f\u00fcr das &#8222;\u00c4h&#8220;\u00ab Gerechtigkeit f\u00fcr das &#8218;\u00c4h&#8216;. Feature von J\u00f6rg Sobiella. Mit: Bettina Kurth, Ilja Richter und Axel Thielmann. Redaktion: Kathrin Aehnlich. Schnitt: Christian Grund. Ton: Andr\u00e9 L\u00fcer. Regie: Stefan Kanis (Ursendung: MDR KULTUR\/rbb &hellip; Weiterlesen &rarr;","og_url":"https:\/\/sperrsitz.net\/?p=4030","og_site_name":"Sperrsitz.net","article_published_time":"2019-12-28T08:05:09+00:00","article_modified_time":"2020-01-08T05:44:40+00:00","og_image":[{"width":212,"height":239,"url":"https:\/\/sperrsitz.net\/wp-content\/uploads\/aeh-e1578462266322.jpg","type":"image\/jpeg"}],"author":"Stefan Kanis","twitter_card":"summary_large_image","twitter_misc":{"Verfasst von":"Stefan Kanis","Gesch\u00e4tzte Lesezeit":"1\u00a0Minute"},"schema":{"@context":"https:\/\/schema.org","@graph":[{"@type":"Article","@id":"https:\/\/sperrsitz.net\/?p=4030#article","isPartOf":{"@id":"https:\/\/sperrsitz.net\/?p=4030"},"author":{"name":"Stefan Kanis","@id":"https:\/\/sperrsitz.net\/#\/schema\/person\/c3186daad093aa259c336c430f1f3e78"},"headline":"Gerechtigkeit f\u00fcr das &#8222;\u00c4h&#8220;","datePublished":"2019-12-28T08:05:09+00:00","dateModified":"2020-01-08T05:44:40+00:00","mainEntityOfPage":{"@id":"https:\/\/sperrsitz.net\/?p=4030"},"wordCount":175,"publisher":{"@id":"https:\/\/sperrsitz.net\/#\/schema\/person\/c3186daad093aa259c336c430f1f3e78"},"image":{"@id":"https:\/\/sperrsitz.net\/?p=4030#primaryimage"},"thumbnailUrl":"https:\/\/sperrsitz.net\/wp-content\/uploads\/aeh-e1578462266322.jpg","keywords":["\u00c4h"],"articleSection":["Radioarbeiten"],"inLanguage":"de"},{"@type":"WebPage","@id":"https:\/\/sperrsitz.net\/?p=4030","url":"https:\/\/sperrsitz.net\/?p=4030","name":"Gerechtigkeit f\u00fcr das \"\u00c4h\" &#8211; Sperrsitz.net","isPartOf":{"@id":"https:\/\/sperrsitz.net\/#website"},"primaryImageOfPage":{"@id":"https:\/\/sperrsitz.net\/?p=4030#primaryimage"},"image":{"@id":"https:\/\/sperrsitz.net\/?p=4030#primaryimage"},"thumbnailUrl":"https:\/\/sperrsitz.net\/wp-content\/uploads\/aeh-e1578462266322.jpg","datePublished":"2019-12-28T08:05:09+00:00","dateModified":"2020-01-08T05:44:40+00:00","breadcrumb":{"@id":"https:\/\/sperrsitz.net\/?p=4030#breadcrumb"},"inLanguage":"de","potentialAction":[{"@type":"ReadAction","target":["https:\/\/sperrsitz.net\/?p=4030"]}]},{"@type":"ImageObject","inLanguage":"de","@id":"https:\/\/sperrsitz.net\/?p=4030#primaryimage","url":"https:\/\/sperrsitz.net\/wp-content\/uploads\/aeh-e1578462266322.jpg","contentUrl":"https:\/\/sperrsitz.net\/wp-content\/uploads\/aeh-e1578462266322.jpg","width":212,"height":239,"caption":"\u00c4h"},{"@type":"BreadcrumbList","@id":"https:\/\/sperrsitz.net\/?p=4030#breadcrumb","itemListElement":[{"@type":"ListItem","position":1,"name":"Home","item":"https:\/\/sperrsitz.net\/"},{"@type":"ListItem","position":2,"name":"Gerechtigkeit f\u00fcr das &#8222;\u00c4h&#8220;"}]},{"@type":"WebSite","@id":"https:\/\/sperrsitz.net\/#website","url":"https:\/\/sperrsitz.net\/","name":"Sperrsitz.net","description":"Stefan Kanis | Radioregie und Allf\u00e4lliges.","publisher":{"@id":"https:\/\/sperrsitz.net\/#\/schema\/person\/c3186daad093aa259c336c430f1f3e78"},"potentialAction":[{"@type":"SearchAction","target":{"@type":"EntryPoint","urlTemplate":"https:\/\/sperrsitz.net\/?s={search_term_string}"},"query-input":{"@type":"PropertyValueSpecification","valueRequired":true,"valueName":"search_term_string"}}],"inLanguage":"de"},{"@type":["Person","Organization"],"@id":"https:\/\/sperrsitz.net\/#\/schema\/person\/c3186daad093aa259c336c430f1f3e78","name":"Stefan Kanis","image":{"@type":"ImageObject","inLanguage":"de","@id":"https:\/\/secure.gravatar.com\/avatar\/b0feff0bc183a7e3ea2924fad583004078cc47ddae0ee8e37c029afb403a8649?s=96&d=mm&r=g","url":"https:\/\/secure.gravatar.com\/avatar\/b0feff0bc183a7e3ea2924fad583004078cc47ddae0ee8e37c029afb403a8649?s=96&d=mm&r=g","contentUrl":"https:\/\/secure.gravatar.com\/avatar\/b0feff0bc183a7e3ea2924fad583004078cc47ddae0ee8e37c029afb403a8649?s=96&d=mm&r=g","caption":"Stefan Kanis"},"logo":{"@id":"https:\/\/secure.gravatar.com\/avatar\/b0feff0bc183a7e3ea2924fad583004078cc47ddae0ee8e37c029afb403a8649?s=96&d=mm&r=g"},"sameAs":["https:\/\/de.wikipedia.org\/wiki\/Stefan_Kanis"]}]}},"_links":{"self":[{"href":"https:\/\/sperrsitz.net\/index.php?rest_route=\/wp\/v2\/posts\/4030","targetHints":{"allow":["GET"]}}],"collection":[{"href":"https:\/\/sperrsitz.net\/index.php?rest_route=\/wp\/v2\/posts"}],"about":[{"href":"https:\/\/sperrsitz.net\/index.php?rest_route=\/wp\/v2\/types\/post"}],"author":[{"embeddable":true,"href":"https:\/\/sperrsitz.net\/index.php?rest_route=\/wp\/v2\/users\/1"}],"replies":[{"embeddable":true,"href":"https:\/\/sperrsitz.net\/index.php?rest_route=%2Fwp%2Fv2%2Fcomments&post=4030"}],"version-history":[{"count":7,"href":"https:\/\/sperrsitz.net\/index.php?rest_route=\/wp\/v2\/posts\/4030\/revisions"}],"predecessor-version":[{"id":4042,"href":"https:\/\/sperrsitz.net\/index.php?rest_route=\/wp\/v2\/posts\/4030\/revisions\/4042"}],"wp:featuredmedia":[{"embeddable":true,"href":"https:\/\/sperrsitz.net\/index.php?rest_route=\/wp\/v2\/media\/4031"}],"wp:attachment":[{"href":"https:\/\/sperrsitz.net\/index.php?rest_route=%2Fwp%2Fv2%2Fmedia&parent=4030"}],"wp:term":[{"taxonomy":"category","embeddable":true,"href":"https:\/\/sperrsitz.net\/index.php?rest_route=%2Fwp%2Fv2%2Fcategories&post=4030"},{"taxonomy":"post_tag","embeddable":true,"href":"https:\/\/sperrsitz.net\/index.php?rest_route=%2Fwp%2Fv2%2Ftags&post=4030"}],"curies":[{"name":"wp","href":"https:\/\/api.w.org\/{rel}","templated":true}]}}