{"id":3304,"date":"2016-08-15T18:09:58","date_gmt":"2016-08-15T16:09:58","guid":{"rendered":"http:\/\/sperrsitz.net\/?p=3304"},"modified":"2018-11-12T22:36:08","modified_gmt":"2018-11-12T21:36:08","slug":"die-meisten-afrikaner-koennen-nicht-schwimmen","status":"publish","type":"post","link":"https:\/\/sperrsitz.net\/?p=3304","title":{"rendered":"Die meisten Afrikaner k\u00f6nnen nicht schwimmen"},"content":{"rendered":"<h3>Auf Ehre und Gewissen (in gewissen Grenzen)<\/h3>\n<div style=\"padding: 56.25% 0 0 0; position: relative;\"><iframe style=\"position: absolute; top: 0; left: 0; width: 100%; height: 100%;\" src=\"https:\/\/player.vimeo.com\/video\/190220342\" allowfullscreen=\"allowfullscreen\" frameborder=\"0\"><\/iframe><\/div>\n<p><script src=\"https:\/\/player.vimeo.com\/api\/player.js\"><\/script><\/p>\n<p>&nbsp;<\/p>\n<p><strong>H\u00f6rspiel von <a title=\"Holger B\u00f6hme bei Wikipedia\" href=\"https:\/\/de.wikipedia.org\/wiki\/Holger_B%C3%B6hme\" target=\"_blank\" rel=\"noopener\">Holger B\u00f6hme<\/a><\/strong>. Mit <a title=\"Eva L\u00f6bau bei Wikipedia\" href=\"https:\/\/de.wikipedia.org\/wiki\/Eva_L%C3%B6bau\" target=\"_blank\" rel=\"noopener\">Eva L\u00f6bau<\/a> und <a title=\"Devid Strieswo bei Wikipedia\" href=\"https:\/\/de.wikipedia.org\/wiki\/Devid_Striesow\" target=\"_blank\" rel=\"noopener\">Devid Striesow<\/a>.<br \/>\nDramaturgie: Thomas Fritz. Schnitt: Christian Grund. Ton: Andr\u00e9 L\u00fcer.<br \/>\nRegie: Stefan Kanis. (Ursendung: 21.08.2016 | MDR KULTUR)<\/p>\n<div>\n<p class=\"entry-content_noline\" style=\"display: inline-block;\"><a href=\"http:\/\/www.mdr.de\/kultur\/podcast\/hoerspiele\/audio-147966.html\" target=\"_blank\" rel=\"noopener\"><img loading=\"lazy\" decoding=\"async\" class=\"alignnone wp-image-3362 size-full\" title=\"Download und Streaming\" src=\"https:\/\/sperrsitz.net\/wp-content\/uploads\/download_klein.png\" alt=\"Download und Streaming\" width=\"24\" height=\"24\"\/><\/a><\/p>\n<p class=\"download-text\">(Das ganze St\u00fcck)<\/p>\n<\/div>\n<p>&#8222;Autor Holger B\u00f6hme ist ein Jongleur mit S\u00e4tzen, mit herrlich kurzen S\u00e4tzen, mit fast inhaltsleeren S\u00e4tzen, mit halben S\u00e4tzen, mit Abschweifungen. (&#8230;) Solche Dialoge hat man lange nicht geh\u00f6rt, so scheinbar harmlos und doch so fein perfide und entlarvend. (&#8230;) Inszeniert hat Stefan Kanis. Dicht, leicht, spannend in jeder Sekunde. Mit Eva L\u00f6bau (Sonja) und Devid Striesow (Oliver). Besser kann man nicht besetzen. Die beiden jonglieren lustvoll mit dem Text, temporeich, virtuos. Sie kosten jede Nuance aus, das leichte Geplapper, das etwas Angenervte, das unterschwellig Vorhandene, kaum Pausen, sie nehmen den Ton ab vom Partner oder gehen dagegen an, es ist wie eine Komposition, ein m\u00fcheloses Eingehen auf den Text.&#8220; <em>(Renate Stinn in epd-medien 26.08.2016)<\/em><\/p>\n<p class=\"sstyle\">Seit Oliver in die Sendung geriet, in der Menschen in Gewissensnot im Radio ihr Schicksal berichten und sich dem Urteil der H\u00f6rer stellen k\u00f6nnen, glaubt er, dass das die L\u00f6sung f\u00fcr sie ist &#8211; f\u00fcr Sonja und ihn. Reden sie doch seit Monaten dar\u00fcber, was sie bei ihrem Segelt\u00f6rn im Mittelmeer erleben mussten, nachdem sie drei sich an Schlauchbootreste klammernde afrikanische Schiffbr\u00fcchige aus dem Wasser fischten. Doch bald kamen Zweifel auf: handelte es sich \u00fcberhaupt um Fl\u00fcchtlinge? Waren es nicht wom\u00f6glich skrupellosen Schlepper, die das mit Fl\u00fcchtlingen vollgestopfte Boot im Stich gelassen hatten? Hatten sie also drei gef\u00e4hrliche Kriminelle an Bord, denen sie, wenn ihnen ihr Leben lieb war, zuvorkommen mussten? Oliver und Sonja sind entschlossen, ihren H\u00f6rern ein wahrheitsgetreues Bild der dramatischen Ereignisse zu vermitteln &#8211; jeder auf seine Art.<\/p>\n<p>&nbsp;<\/p>\n","protected":false},"excerpt":{"rendered":"<p>Auf Ehre und Gewissen (in gewissen Grenzen) &nbsp; H\u00f6rspiel von Holger B\u00f6hme. Mit Eva L\u00f6bau und Devid Striesow. Dramaturgie: Thomas Fritz. Schnitt: Christian Grund. Ton: Andr\u00e9 L\u00fcer. Regie: Stefan Kanis. (Ursendung: 21.08.2016 | MDR KULTUR) (Das ganze St\u00fcck) &#8222;Autor Holger &hellip; <a href=\"https:\/\/sperrsitz.net\/?p=3304\">Weiterlesen <span class=\"meta-nav\">&rarr;<\/span><\/a><\/p>\n","protected":false},"author":1,"featured_media":3320,"comment_status":"closed","ping_status":"open","sticky":false,"template":"","format":"standard","meta":{"ngg_post_thumbnail":0,"footnotes":""},"categories":[21],"tags":[351,391],"class_list":["post-3304","post","type-post","status-publish","format-standard","has-post-thumbnail","hentry","category-furs-radio","tag-devis-striesow","tag-eva-loebau"],"yoast_head":"<!-- This site is optimized with the Yoast SEO plugin v27.5 - https:\/\/yoast.com\/product\/yoast-seo-wordpress\/ -->\n<title>Die meisten Afrikaner k\u00f6nnen nicht schwimmen &#8211; Sperrsitz.net<\/title>\n<meta name=\"robots\" content=\"index, follow, max-snippet:-1, max-image-preview:large, max-video-preview:-1\" \/>\n<link rel=\"canonical\" href=\"https:\/\/sperrsitz.net\/?p=3304\" \/>\n<meta property=\"og:locale\" content=\"de_DE\" \/>\n<meta property=\"og:type\" content=\"article\" \/>\n<meta property=\"og:title\" content=\"Die meisten Afrikaner k\u00f6nnen nicht schwimmen &#8211; Sperrsitz.net\" \/>\n<meta property=\"og:description\" content=\"Auf Ehre und Gewissen (in gewissen Grenzen) &nbsp; H\u00f6rspiel von Holger B\u00f6hme. Mit Eva L\u00f6bau und Devid Striesow. Dramaturgie: Thomas Fritz. Schnitt: Christian Grund. Ton: Andr\u00e9 L\u00fcer. Regie: Stefan Kanis. (Ursendung: 21.08.2016 | MDR KULTUR) (Das ganze St\u00fcck) &#8222;Autor Holger &hellip; Weiterlesen &rarr;\" \/>\n<meta property=\"og:url\" content=\"https:\/\/sperrsitz.net\/?p=3304\" \/>\n<meta property=\"og:site_name\" content=\"Sperrsitz.net\" \/>\n<meta property=\"article:published_time\" content=\"2016-08-15T16:09:58+00:00\" \/>\n<meta property=\"article:modified_time\" content=\"2018-11-12T21:36:08+00:00\" \/>\n<meta property=\"og:image\" content=\"https:\/\/sperrsitz.net\/wp-content\/uploads\/ngg_featured\/Eva-L\u00f6bau_Devid-Striesow_5.JPG\" \/>\n\t<meta property=\"og:image:width\" content=\"1200\" \/>\n\t<meta property=\"og:image:height\" content=\"800\" \/>\n\t<meta property=\"og:image:type\" content=\"image\/jpeg\" \/>\n<meta name=\"author\" content=\"Stefan Kanis\" \/>\n<meta name=\"twitter:card\" content=\"summary_large_image\" \/>\n<meta name=\"twitter:label1\" content=\"Verfasst von\" \/>\n\t<meta name=\"twitter:data1\" content=\"Stefan Kanis\" \/>\n\t<meta name=\"twitter:label2\" content=\"Gesch\u00e4tzte Lesezeit\" \/>\n\t<meta name=\"twitter:data2\" content=\"2\u00a0Minuten\" \/>\n<script type=\"application\/ld+json\" class=\"yoast-schema-graph\">{\"@context\":\"https:\\\/\\\/schema.org\",\"@graph\":[{\"@type\":\"Article\",\"@id\":\"https:\\\/\\\/sperrsitz.net\\\/?p=3304#article\",\"isPartOf\":{\"@id\":\"https:\\\/\\\/sperrsitz.net\\\/?p=3304\"},\"author\":{\"name\":\"Stefan Kanis\",\"@id\":\"https:\\\/\\\/sperrsitz.net\\\/#\\\/schema\\\/person\\\/c3186daad093aa259c336c430f1f3e78\"},\"headline\":\"Die meisten Afrikaner k\u00f6nnen nicht schwimmen\",\"datePublished\":\"2016-08-15T16:09:58+00:00\",\"dateModified\":\"2018-11-12T21:36:08+00:00\",\"mainEntityOfPage\":{\"@id\":\"https:\\\/\\\/sperrsitz.net\\\/?p=3304\"},\"wordCount\":313,\"publisher\":{\"@id\":\"https:\\\/\\\/sperrsitz.net\\\/#\\\/schema\\\/person\\\/c3186daad093aa259c336c430f1f3e78\"},\"image\":{\"@id\":\"https:\\\/\\\/sperrsitz.net\\\/?p=3304#primaryimage\"},\"thumbnailUrl\":\"https:\\\/\\\/sperrsitz.net\\\/wp-content\\\/uploads\\\/ngg_featured\\\/Eva-L\u00f6bau_Devid-Striesow_5.JPG\",\"keywords\":[\"Devis Striesow\",\"Eva L\u00f6bau\"],\"articleSection\":[\"Radioarbeiten\"],\"inLanguage\":\"de\"},{\"@type\":\"WebPage\",\"@id\":\"https:\\\/\\\/sperrsitz.net\\\/?p=3304\",\"url\":\"https:\\\/\\\/sperrsitz.net\\\/?p=3304\",\"name\":\"Die meisten Afrikaner k\u00f6nnen nicht schwimmen &#8211; Sperrsitz.net\",\"isPartOf\":{\"@id\":\"https:\\\/\\\/sperrsitz.net\\\/#website\"},\"primaryImageOfPage\":{\"@id\":\"https:\\\/\\\/sperrsitz.net\\\/?p=3304#primaryimage\"},\"image\":{\"@id\":\"https:\\\/\\\/sperrsitz.net\\\/?p=3304#primaryimage\"},\"thumbnailUrl\":\"https:\\\/\\\/sperrsitz.net\\\/wp-content\\\/uploads\\\/ngg_featured\\\/Eva-L\u00f6bau_Devid-Striesow_5.JPG\",\"datePublished\":\"2016-08-15T16:09:58+00:00\",\"dateModified\":\"2018-11-12T21:36:08+00:00\",\"breadcrumb\":{\"@id\":\"https:\\\/\\\/sperrsitz.net\\\/?p=3304#breadcrumb\"},\"inLanguage\":\"de\",\"potentialAction\":[{\"@type\":\"ReadAction\",\"target\":[\"https:\\\/\\\/sperrsitz.net\\\/?p=3304\"]}]},{\"@type\":\"ImageObject\",\"inLanguage\":\"de\",\"@id\":\"https:\\\/\\\/sperrsitz.net\\\/?p=3304#primaryimage\",\"url\":\"https:\\\/\\\/sperrsitz.net\\\/wp-content\\\/uploads\\\/ngg_featured\\\/Eva-L\u00f6bau_Devid-Striesow_5.JPG\",\"contentUrl\":\"https:\\\/\\\/sperrsitz.net\\\/wp-content\\\/uploads\\\/ngg_featured\\\/Eva-L\u00f6bau_Devid-Striesow_5.JPG\",\"width\":1200,\"height\":800},{\"@type\":\"BreadcrumbList\",\"@id\":\"https:\\\/\\\/sperrsitz.net\\\/?p=3304#breadcrumb\",\"itemListElement\":[{\"@type\":\"ListItem\",\"position\":1,\"name\":\"Home\",\"item\":\"https:\\\/\\\/sperrsitz.net\\\/\"},{\"@type\":\"ListItem\",\"position\":2,\"name\":\"Die meisten Afrikaner k\u00f6nnen nicht schwimmen\"}]},{\"@type\":\"WebSite\",\"@id\":\"https:\\\/\\\/sperrsitz.net\\\/#website\",\"url\":\"https:\\\/\\\/sperrsitz.net\\\/\",\"name\":\"Sperrsitz.net\",\"description\":\"Stefan Kanis | Radioregie und Allf\u00e4lliges.\",\"publisher\":{\"@id\":\"https:\\\/\\\/sperrsitz.net\\\/#\\\/schema\\\/person\\\/c3186daad093aa259c336c430f1f3e78\"},\"potentialAction\":[{\"@type\":\"SearchAction\",\"target\":{\"@type\":\"EntryPoint\",\"urlTemplate\":\"https:\\\/\\\/sperrsitz.net\\\/?s={search_term_string}\"},\"query-input\":{\"@type\":\"PropertyValueSpecification\",\"valueRequired\":true,\"valueName\":\"search_term_string\"}}],\"inLanguage\":\"de\"},{\"@type\":[\"Person\",\"Organization\"],\"@id\":\"https:\\\/\\\/sperrsitz.net\\\/#\\\/schema\\\/person\\\/c3186daad093aa259c336c430f1f3e78\",\"name\":\"Stefan Kanis\",\"image\":{\"@type\":\"ImageObject\",\"inLanguage\":\"de\",\"@id\":\"https:\\\/\\\/secure.gravatar.com\\\/avatar\\\/b0feff0bc183a7e3ea2924fad583004078cc47ddae0ee8e37c029afb403a8649?s=96&d=mm&r=g\",\"url\":\"https:\\\/\\\/secure.gravatar.com\\\/avatar\\\/b0feff0bc183a7e3ea2924fad583004078cc47ddae0ee8e37c029afb403a8649?s=96&d=mm&r=g\",\"contentUrl\":\"https:\\\/\\\/secure.gravatar.com\\\/avatar\\\/b0feff0bc183a7e3ea2924fad583004078cc47ddae0ee8e37c029afb403a8649?s=96&d=mm&r=g\",\"caption\":\"Stefan Kanis\"},\"logo\":{\"@id\":\"https:\\\/\\\/secure.gravatar.com\\\/avatar\\\/b0feff0bc183a7e3ea2924fad583004078cc47ddae0ee8e37c029afb403a8649?s=96&d=mm&r=g\"},\"sameAs\":[\"https:\\\/\\\/de.wikipedia.org\\\/wiki\\\/Stefan_Kanis\"]}]}<\/script>\n<!-- \/ Yoast SEO plugin. -->","yoast_head_json":{"title":"Die meisten Afrikaner k\u00f6nnen nicht schwimmen &#8211; Sperrsitz.net","robots":{"index":"index","follow":"follow","max-snippet":"max-snippet:-1","max-image-preview":"max-image-preview:large","max-video-preview":"max-video-preview:-1"},"canonical":"https:\/\/sperrsitz.net\/?p=3304","og_locale":"de_DE","og_type":"article","og_title":"Die meisten Afrikaner k\u00f6nnen nicht schwimmen &#8211; Sperrsitz.net","og_description":"Auf Ehre und Gewissen (in gewissen Grenzen) &nbsp; H\u00f6rspiel von Holger B\u00f6hme. Mit Eva L\u00f6bau und Devid Striesow. Dramaturgie: Thomas Fritz. Schnitt: Christian Grund. Ton: Andr\u00e9 L\u00fcer. Regie: Stefan Kanis. (Ursendung: 21.08.2016 | MDR KULTUR) (Das ganze St\u00fcck) &#8222;Autor Holger &hellip; Weiterlesen &rarr;","og_url":"https:\/\/sperrsitz.net\/?p=3304","og_site_name":"Sperrsitz.net","article_published_time":"2016-08-15T16:09:58+00:00","article_modified_time":"2018-11-12T21:36:08+00:00","og_image":[{"width":1200,"height":800,"url":"https:\/\/sperrsitz.net\/wp-content\/uploads\/ngg_featured\/Eva-L\u00f6bau_Devid-Striesow_5.JPG","type":"image\/jpeg"}],"author":"Stefan Kanis","twitter_card":"summary_large_image","twitter_misc":{"Verfasst von":"Stefan Kanis","Gesch\u00e4tzte Lesezeit":"2\u00a0Minuten"},"schema":{"@context":"https:\/\/schema.org","@graph":[{"@type":"Article","@id":"https:\/\/sperrsitz.net\/?p=3304#article","isPartOf":{"@id":"https:\/\/sperrsitz.net\/?p=3304"},"author":{"name":"Stefan Kanis","@id":"https:\/\/sperrsitz.net\/#\/schema\/person\/c3186daad093aa259c336c430f1f3e78"},"headline":"Die meisten Afrikaner k\u00f6nnen nicht schwimmen","datePublished":"2016-08-15T16:09:58+00:00","dateModified":"2018-11-12T21:36:08+00:00","mainEntityOfPage":{"@id":"https:\/\/sperrsitz.net\/?p=3304"},"wordCount":313,"publisher":{"@id":"https:\/\/sperrsitz.net\/#\/schema\/person\/c3186daad093aa259c336c430f1f3e78"},"image":{"@id":"https:\/\/sperrsitz.net\/?p=3304#primaryimage"},"thumbnailUrl":"https:\/\/sperrsitz.net\/wp-content\/uploads\/ngg_featured\/Eva-L\u00f6bau_Devid-Striesow_5.JPG","keywords":["Devis Striesow","Eva L\u00f6bau"],"articleSection":["Radioarbeiten"],"inLanguage":"de"},{"@type":"WebPage","@id":"https:\/\/sperrsitz.net\/?p=3304","url":"https:\/\/sperrsitz.net\/?p=3304","name":"Die meisten Afrikaner k\u00f6nnen nicht schwimmen &#8211; Sperrsitz.net","isPartOf":{"@id":"https:\/\/sperrsitz.net\/#website"},"primaryImageOfPage":{"@id":"https:\/\/sperrsitz.net\/?p=3304#primaryimage"},"image":{"@id":"https:\/\/sperrsitz.net\/?p=3304#primaryimage"},"thumbnailUrl":"https:\/\/sperrsitz.net\/wp-content\/uploads\/ngg_featured\/Eva-L\u00f6bau_Devid-Striesow_5.JPG","datePublished":"2016-08-15T16:09:58+00:00","dateModified":"2018-11-12T21:36:08+00:00","breadcrumb":{"@id":"https:\/\/sperrsitz.net\/?p=3304#breadcrumb"},"inLanguage":"de","potentialAction":[{"@type":"ReadAction","target":["https:\/\/sperrsitz.net\/?p=3304"]}]},{"@type":"ImageObject","inLanguage":"de","@id":"https:\/\/sperrsitz.net\/?p=3304#primaryimage","url":"https:\/\/sperrsitz.net\/wp-content\/uploads\/ngg_featured\/Eva-L\u00f6bau_Devid-Striesow_5.JPG","contentUrl":"https:\/\/sperrsitz.net\/wp-content\/uploads\/ngg_featured\/Eva-L\u00f6bau_Devid-Striesow_5.JPG","width":1200,"height":800},{"@type":"BreadcrumbList","@id":"https:\/\/sperrsitz.net\/?p=3304#breadcrumb","itemListElement":[{"@type":"ListItem","position":1,"name":"Home","item":"https:\/\/sperrsitz.net\/"},{"@type":"ListItem","position":2,"name":"Die meisten Afrikaner k\u00f6nnen nicht schwimmen"}]},{"@type":"WebSite","@id":"https:\/\/sperrsitz.net\/#website","url":"https:\/\/sperrsitz.net\/","name":"Sperrsitz.net","description":"Stefan Kanis | Radioregie und Allf\u00e4lliges.","publisher":{"@id":"https:\/\/sperrsitz.net\/#\/schema\/person\/c3186daad093aa259c336c430f1f3e78"},"potentialAction":[{"@type":"SearchAction","target":{"@type":"EntryPoint","urlTemplate":"https:\/\/sperrsitz.net\/?s={search_term_string}"},"query-input":{"@type":"PropertyValueSpecification","valueRequired":true,"valueName":"search_term_string"}}],"inLanguage":"de"},{"@type":["Person","Organization"],"@id":"https:\/\/sperrsitz.net\/#\/schema\/person\/c3186daad093aa259c336c430f1f3e78","name":"Stefan Kanis","image":{"@type":"ImageObject","inLanguage":"de","@id":"https:\/\/secure.gravatar.com\/avatar\/b0feff0bc183a7e3ea2924fad583004078cc47ddae0ee8e37c029afb403a8649?s=96&d=mm&r=g","url":"https:\/\/secure.gravatar.com\/avatar\/b0feff0bc183a7e3ea2924fad583004078cc47ddae0ee8e37c029afb403a8649?s=96&d=mm&r=g","contentUrl":"https:\/\/secure.gravatar.com\/avatar\/b0feff0bc183a7e3ea2924fad583004078cc47ddae0ee8e37c029afb403a8649?s=96&d=mm&r=g","caption":"Stefan Kanis"},"logo":{"@id":"https:\/\/secure.gravatar.com\/avatar\/b0feff0bc183a7e3ea2924fad583004078cc47ddae0ee8e37c029afb403a8649?s=96&d=mm&r=g"},"sameAs":["https:\/\/de.wikipedia.org\/wiki\/Stefan_Kanis"]}]}},"_links":{"self":[{"href":"https:\/\/sperrsitz.net\/index.php?rest_route=\/wp\/v2\/posts\/3304","targetHints":{"allow":["GET"]}}],"collection":[{"href":"https:\/\/sperrsitz.net\/index.php?rest_route=\/wp\/v2\/posts"}],"about":[{"href":"https:\/\/sperrsitz.net\/index.php?rest_route=\/wp\/v2\/types\/post"}],"author":[{"embeddable":true,"href":"https:\/\/sperrsitz.net\/index.php?rest_route=\/wp\/v2\/users\/1"}],"replies":[{"embeddable":true,"href":"https:\/\/sperrsitz.net\/index.php?rest_route=%2Fwp%2Fv2%2Fcomments&post=3304"}],"version-history":[{"count":19,"href":"https:\/\/sperrsitz.net\/index.php?rest_route=\/wp\/v2\/posts\/3304\/revisions"}],"predecessor-version":[{"id":3745,"href":"https:\/\/sperrsitz.net\/index.php?rest_route=\/wp\/v2\/posts\/3304\/revisions\/3745"}],"wp:featuredmedia":[{"embeddable":true,"href":"https:\/\/sperrsitz.net\/index.php?rest_route=\/wp\/v2\/media\/3320"}],"wp:attachment":[{"href":"https:\/\/sperrsitz.net\/index.php?rest_route=%2Fwp%2Fv2%2Fmedia&parent=3304"}],"wp:term":[{"taxonomy":"category","embeddable":true,"href":"https:\/\/sperrsitz.net\/index.php?rest_route=%2Fwp%2Fv2%2Fcategories&post=3304"},{"taxonomy":"post_tag","embeddable":true,"href":"https:\/\/sperrsitz.net\/index.php?rest_route=%2Fwp%2Fv2%2Ftags&post=3304"}],"curies":[{"name":"wp","href":"https:\/\/api.w.org\/{rel}","templated":true}]}}